{"id":43787,"date":"2026-03-13T18:00:00","date_gmt":"2026-03-13T17:00:00","guid":{"rendered":"https:\/\/heymondo.it\/blog\/?p=43787"},"modified":"2026-03-17T18:16:38","modified_gmt":"2026-03-17T17:16:38","slug":"festival-di-primavera-in-europa-ecco-6-citta-con-eventi-unici","status":"publish","type":"post","link":"https:\/\/heymondo.it\/blog\/festival-di-primavera-in-europa-ecco-6-citta-con-eventi-unici\/","title":{"rendered":"Festival di primavera in Europa: ecco 6 citt\u00e0 con eventi unici"},"content":{"rendered":"\n<p>La primavera in Europa ha qualcosa di speciale. Le giornate si allungano, i parchi si riempiono di fiori, le terrazze tornano a vivere e le citt\u00e0 si trasformano in palcoscenici a cielo aperto. \u00c8 quel momento dell\u2019anno in cui basta un volo breve e un weekend libero per ritrovarsi nel mezzo di <strong>festival incredibili, tradizioni antiche e grandi eventi<\/strong>.<\/p>\n\n\n\n<p>E la cosa bella \u00e8 che molti di questi appuntamenti esistono solo in questa stagione: celebrazioni del fuoco, parate di fiori, festival musicali in location spettacolari o eventi culturali che attirano viaggiatori da tutta Europa.<\/p>\n\n\n\n<p>Se stai cercando un\u2019idea per il vostro prossimo viaggio primaverile, ecco <strong>6 citt\u00e0 europee che ospitano eventi davvero unici<\/strong>. Perfette per organizzare un weekend diverso dal solito e tornare a casa con qualche storia in pi\u00f9 da raccontare.<\/p>\n\n\n\n<div id=\"ez-toc-container\" class=\"ez-toc-v2_0_82_2 ez-toc-wrap-center counter-hierarchy ez-toc-counter ez-toc-grey ez-toc-container-direction\">\n<div class=\"ez-toc-title-container\"><p class=\"ez-toc-title\" style=\"cursor:inherit\">Indice<\/p>\n<\/div><nav><ul class='ez-toc-list ez-toc-list-level-1 ' ><li class='ez-toc-page-1 ez-toc-heading-level-2'><a class=\"ez-toc-link ez-toc-heading-1\" href=\"https:\/\/heymondo.it\/blog\/festival-di-primavera-in-europa-ecco-6-citta-con-eventi-unici\/#Edimburgo_%E2%80%93_Il_Beltane_Fire_Festival\" >Edimburgo \u2013 Il Beltane Fire Festival<\/a><\/li><li class='ez-toc-page-1 ez-toc-heading-level-2'><a class=\"ez-toc-link ez-toc-heading-2\" href=\"https:\/\/heymondo.it\/blog\/festival-di-primavera-in-europa-ecco-6-citta-con-eventi-unici\/#Funchal_%E2%80%93_Il_Flower_Festival_di_Madeira\" >Funchal \u2013 Il Flower Festival di Madeira<\/a><\/li><li class='ez-toc-page-1 ez-toc-heading-level-2'><a class=\"ez-toc-link ez-toc-heading-3\" href=\"https:\/\/heymondo.it\/blog\/festival-di-primavera-in-europa-ecco-6-citta-con-eventi-unici\/#Monaco_di_Baviera_%E2%80%93_Fruhlingsfest\" >Monaco di Baviera \u2013 Fr\u00fchlingsfest<\/a><\/li><li class='ez-toc-page-1 ez-toc-heading-level-2'><a class=\"ez-toc-link ez-toc-heading-4\" href=\"https:\/\/heymondo.it\/blog\/festival-di-primavera-in-europa-ecco-6-citta-con-eventi-unici\/#Linz_%E2%80%93_Crossing_Europe_Film_Festival\" >Linz \u2013 Crossing Europe Film Festival<\/a><\/li><li class='ez-toc-page-1 ez-toc-heading-level-2'><a class=\"ez-toc-link ez-toc-heading-5\" href=\"https:\/\/heymondo.it\/blog\/festival-di-primavera-in-europa-ecco-6-citta-con-eventi-unici\/#Barcellona_%E2%80%93_Primavera_Sound\" >Barcellona \u2013 Primavera Sound<\/a><\/li><li class='ez-toc-page-1 ez-toc-heading-level-2'><a class=\"ez-toc-link ez-toc-heading-6\" href=\"https:\/\/heymondo.it\/blog\/festival-di-primavera-in-europa-ecco-6-citta-con-eventi-unici\/#Parigi_%E2%80%93_Cercle_Festival\" >Parigi \u2013 Cercle Festival<\/a><\/li><li class='ez-toc-page-1 ez-toc-heading-level-2'><a class=\"ez-toc-link ez-toc-heading-7\" href=\"https:\/\/heymondo.it\/blog\/festival-di-primavera-in-europa-ecco-6-citta-con-eventi-unici\/#Parti_alla_scoperta_dei_festival_di_primavera_con_Heymondo\" >Parti alla scoperta dei festival di primavera con Heymondo<\/a><\/li><\/ul><\/nav><\/div>\n<h2 class=\"wp-block-heading\"><span class=\"ez-toc-section\" id=\"Edimburgo_%E2%80%93_Il_Beltane_Fire_Festival\"><\/span>Edimburgo \u2013 Il Beltane Fire Festival<span class=\"ez-toc-section-end\"><\/span><\/h2>\n\n\n\n<p>Se amate gli eventi fuori dal comune, questo \u00e8 uno di quelli da segnare in agenda.<\/p>\n\n\n\n<p>Ogni <strong>30 aprile<\/strong>, sulla collina di Calton Hill, Edimburgo ospita il suggestivo Beltane Fire Festival, una celebrazione spettacolare ispirata agli <strong>antichi rituali celtici<\/strong> che segnavano il passaggio dall\u2019inverno all\u2019estate.<\/p>\n\n\n\n<p>Quando cala la notte, la collina si trasforma in un enorme palcoscenico a cielo aperto: torce accese, tamburi, performer dipinti e danze rituali accompagnano una grande processione che attraversa il pubblico. L\u2019atmosfera \u00e8 intensa e quasi tribale, tra fuoco, musica e simbolismi che raccontano una tradizione millenaria reinterpretata in chiave contemporanea.<\/p>\n\n\n\n<p>Il risultato \u00e8 uno spettacolo potente e immersivo, capace di coinvolgere migliaia di persone ogni anno. \u00c8 uno di quei festival che non si guardano soltanto: <strong>si vivono<\/strong>.<\/p>\n\n\n\n<p><strong>Curiosit\u00e0<\/strong>: il Beltane Fire Festival \u00e8 stato rilanciato solo nel 1988, quando un gruppo di artisti e performer di Edimburgo decise di far rivivere l\u2019antica festa celtica di Beltane in chiave moderna. Oggi partecipano <strong>oltre 300 performer<\/strong> tra danzatori, musicisti e attori, mentre migliaia di spettatori salgono ogni anno sulla collina di Calton Hill per assistere allo spettacolo.<\/p>\n\n\n\n<p><strong>Perch\u00e9 andarci<\/strong><\/p>\n\n\n\n<ul class=\"wp-block-list\">\n<li>\u00c8 uno degli eventi pi\u00f9 suggestivi d\u2019Europa<\/li>\n\n\n\n<li>Ha un&#8217;atmosfera mistica e spettacolare<\/li>\n\n\n\n<li>\u00c8 perfetto per un weekend fuori dal comune<\/li>\n<\/ul>\n\n\n<div class=\"wp-block-image\">\n<figure class=\"aligncenter size-full\"><img decoding=\"async\" width=\"900\" height=\"600\" src=\"https:\/\/heymondo.it\/blog\/wp-content\/uploads\/2026\/03\/Festival-primavera-Edimburgo.jpg\" alt=\"Festival di primavera a Edimburgo\" class=\"wp-image-43788\" srcset=\"https:\/\/heymondo.it\/blog\/wp-content\/uploads\/2026\/03\/Festival-primavera-Edimburgo-200x133.jpg 200w, https:\/\/heymondo.it\/blog\/wp-content\/uploads\/2026\/03\/Festival-primavera-Edimburgo-300x200.jpg 300w, https:\/\/heymondo.it\/blog\/wp-content\/uploads\/2026\/03\/Festival-primavera-Edimburgo-400x267.jpg 400w, https:\/\/heymondo.it\/blog\/wp-content\/uploads\/2026\/03\/Festival-primavera-Edimburgo-600x400.jpg 600w, https:\/\/heymondo.it\/blog\/wp-content\/uploads\/2026\/03\/Festival-primavera-Edimburgo-768x512.jpg 768w, https:\/\/heymondo.it\/blog\/wp-content\/uploads\/2026\/03\/Festival-primavera-Edimburgo-800x533.jpg 800w, https:\/\/heymondo.it\/blog\/wp-content\/uploads\/2026\/03\/Festival-primavera-Edimburgo.jpg 900w\" sizes=\"(max-width: 900px) 100vw, 900px\" \/><figcaption class=\"wp-element-caption\">Performers durante il Beltane Fire Festival di Edimburgo<\/figcaption><\/figure>\n<\/div>\n\n\n<p class=\"has-text-align-center\"><a class=\"custom-button\" style=\"color: white; width: 250px;\" href=\"https:\/\/heymondo.it\/assicurazione-viaggio\/regno-unito\/\" target=\"_blank\" rel=\"noopener noreferrer\" title=\"assicurazione di viaggio\">Assicurazione viaggio Regno Unito<\/a><\/p>\n\n\n\n<h2 class=\"wp-block-heading\"><span class=\"ez-toc-section\" id=\"Funchal_%E2%80%93_Il_Flower_Festival_di_Madeira\"><\/span>Funchal \u2013 Il Flower Festival di Madeira<span class=\"ez-toc-section-end\"><\/span><\/h2>\n\n\n\n<p>Immaginate una citt\u00e0 interamente coperta di fiori. In primavera, a <strong>Funchal<\/strong>, capitale dell\u2019isola di Madeira, succede davvero.<\/p>\n\n\n\n<p>Durante il Flower Festival le strade si trasformano in un enorme giardino a cielo aperto: <strong>tappeti floreali, installazioni artistiche, carri decorati e sfilate coloratissime<\/strong> riempiono la citt\u00e0 di profumi e colori. L\u2019evento celebra la straordinaria biodiversit\u00e0 dell\u2019isola e il legame profondo tra Madeira e la natura.<\/p>\n\n\n\n<p>Uno dei momenti pi\u00f9 emozionanti \u00e8 la costruzione della <strong>Wall of Hope<\/strong>: centinaia di bambini depositano un fiore su un grande muro simbolico, lanciando un messaggio di pace e speranza. \u00c8 una tradizione molto sentita dagli abitanti dell\u2019isola e uno dei momenti pi\u00f9 toccanti del festival.<\/p>\n\n\n\n<p>Tra musica, eventi culturali e parate spettacolari, il Flower Festival \u00e8 uno dei <strong>festival primaverili pi\u00f9 scenografici d\u2019Europa<\/strong>.<\/p>\n\n\n\n<p><strong>Da non perdere<\/strong><\/p>\n\n\n\n<ul class=\"wp-block-list\">\n<li>La grande parata floreale<\/li>\n\n\n\n<li>I tappeti di fiori che decorano le strade<\/li>\n\n\n\n<li>Concerti ed eventi in tutta la citt\u00e0<\/li>\n<\/ul>\n\n\n\n<p><strong>Curiosit\u00e0<\/strong>: Il Madeira Flower Festival nasce negli anni \u201950 come piccola festa dedicata alla primavera. Oggi \u00e8 uno degli eventi pi\u00f9 importanti dell\u2019isola e attira migliaia di visitatori da tutto il mondo, trasformando Madeira per alcuni giorni nella vera <strong>\u201cisola dei fiori\u201d<\/strong>.<\/p>\n\n\n<div class=\"wp-block-image\">\n<figure class=\"aligncenter size-full\"><img decoding=\"async\" width=\"900\" height=\"600\" src=\"https:\/\/heymondo.it\/blog\/wp-content\/uploads\/2026\/03\/Festival-dei-fiori-Madeira.jpg\" alt=\"Funchal Flower Festival Madeira\" class=\"wp-image-43789\" srcset=\"https:\/\/heymondo.it\/blog\/wp-content\/uploads\/2026\/03\/Festival-dei-fiori-Madeira-200x133.jpg 200w, https:\/\/heymondo.it\/blog\/wp-content\/uploads\/2026\/03\/Festival-dei-fiori-Madeira-300x200.jpg 300w, https:\/\/heymondo.it\/blog\/wp-content\/uploads\/2026\/03\/Festival-dei-fiori-Madeira-400x267.jpg 400w, https:\/\/heymondo.it\/blog\/wp-content\/uploads\/2026\/03\/Festival-dei-fiori-Madeira-600x400.jpg 600w, https:\/\/heymondo.it\/blog\/wp-content\/uploads\/2026\/03\/Festival-dei-fiori-Madeira-768x512.jpg 768w, https:\/\/heymondo.it\/blog\/wp-content\/uploads\/2026\/03\/Festival-dei-fiori-Madeira-800x533.jpg 800w, https:\/\/heymondo.it\/blog\/wp-content\/uploads\/2026\/03\/Festival-dei-fiori-Madeira.jpg 900w\" sizes=\"(max-width: 900px) 100vw, 900px\" \/><figcaption class=\"wp-element-caption\">Una chiesa di Funchal decorata per il Flower Festival<\/figcaption><\/figure>\n<\/div>\n\n\n<p class=\"has-text-align-center\"><a class=\"custom-button\" style=\"color: white; width: 250px;\" href=\"https:\/\/heymondo.it\/assicurazione-viaggio\/portogallo\/\" target=\"_blank\" rel=\"noopener noreferrer\" title=\"assicurazione di viaggio\">Assicurazione viaggio Portogallo<\/a><\/p>\n\n\n\n<h2 class=\"wp-block-heading\"><span class=\"ez-toc-section\" id=\"Monaco_di_Baviera_%E2%80%93_Fruhlingsfest\"><\/span>Monaco di Baviera \u2013 Fr\u00fchlingsfest<span class=\"ez-toc-section-end\"><\/span><\/h2>\n\n\n\n<p>Pensate all\u2019Oktoberfest\u2026 ma in versione primaverile.<\/p>\n\n\n\n<p>Il Fr\u00fchlingsfest, che si svolge ogni anno a Monaco di Baviera, \u00e8 spesso chiamato la <strong>\u201cpiccola Oktoberfest\u201d<\/strong>, ma con un\u2019atmosfera pi\u00f9 locale e rilassata. \u00c8 l\u2019occasione perfetta per vivere la tradizione bavarese senza la folla dell\u2019evento autunnale.<\/p>\n\n\n\n<p>Per alcune settimane la grande area della Theresienwiese si riempie di <strong>tende della birra, musica tradizionale, giostre e stand gastronomici<\/strong>. Tra boccali di birra, piatti tipici come pretzel e wurstel e concerti folk, l\u2019atmosfera \u00e8 festosa e conviviale, perfetta per passare qualche ora tra amici.<\/p>\n\n\n\n<p>Il risultato? Un festival autentico, divertente e molto pi\u00f9 easygoing rispetto all\u2019Oktoberfest, ideale per un <strong>weekend primaverile in Baviera<\/strong>.<\/p>\n\n\n\n<p><strong>Perch\u00e9 andarci<\/strong><\/p>\n\n\n\n<ul class=\"wp-block-list\">\n<li>Atmosfera festosa e autentica<\/li>\n\n\n\n<li>Meno affollato dell\u2019Oktoberfest<\/li>\n\n\n\n<li>Ideale per un weekend con amici<\/li>\n<\/ul>\n\n\n\n<p><strong>Curiosit\u00e0<\/strong>: Il Fr\u00fchlingsfest esiste da oltre <strong>50 anni<\/strong> ed \u00e8 nato proprio per celebrare l\u2019arrivo della primavera a Monaco. Durante il festival si tiene anche una giornata speciale dedicata alle <strong>famiglie e ai bambini<\/strong>, con prezzi ridotti per le giostre e tante attivit\u00e0 pensate per i pi\u00f9 piccoli.<\/p>\n\n\n<div class=\"wp-block-image\">\n<figure class=\"aligncenter size-full is-resized\"><img decoding=\"async\" width=\"900\" height=\"600\" src=\"https:\/\/heymondo.it\/blog\/wp-content\/uploads\/2026\/03\/La-piccola-Oktober-Fest.jpg\" alt=\"La piccola Oktober Fest\" class=\"wp-image-43790\" style=\"width:900px;height:auto\" srcset=\"https:\/\/heymondo.it\/blog\/wp-content\/uploads\/2026\/03\/La-piccola-Oktober-Fest-200x133.jpg 200w, https:\/\/heymondo.it\/blog\/wp-content\/uploads\/2026\/03\/La-piccola-Oktober-Fest-300x200.jpg 300w, https:\/\/heymondo.it\/blog\/wp-content\/uploads\/2026\/03\/La-piccola-Oktober-Fest-400x267.jpg 400w, https:\/\/heymondo.it\/blog\/wp-content\/uploads\/2026\/03\/La-piccola-Oktober-Fest-600x400.jpg 600w, https:\/\/heymondo.it\/blog\/wp-content\/uploads\/2026\/03\/La-piccola-Oktober-Fest-768x512.jpg 768w, https:\/\/heymondo.it\/blog\/wp-content\/uploads\/2026\/03\/La-piccola-Oktober-Fest-800x533.jpg 800w, https:\/\/heymondo.it\/blog\/wp-content\/uploads\/2026\/03\/La-piccola-Oktober-Fest.jpg 900w\" sizes=\"(max-width: 900px) 100vw, 900px\" \/><figcaption class=\"wp-element-caption\">Uno dei tantissimi eventi della Fr\u00fchlingsfest di Monaco di Baviera&nbsp;<\/figcaption><\/figure>\n<\/div>\n\n\n<h2 class=\"wp-block-heading\"><span class=\"ez-toc-section\" id=\"Linz_%E2%80%93_Crossing_Europe_Film_Festival\"><\/span>Linz \u2013 Crossing Europe Film Festival<span class=\"ez-toc-section-end\"><\/span><\/h2>\n\n\n\n<p>Se vi piace scoprire destinazioni meno ovvie e vivere eventi culturali fuori dai circuiti pi\u00f9 turistici, Linz, in Austria, potrebbe sorprendervi.<\/p>\n\n\n\n<p>Ogni primavera la citt\u00e0 ospita il <a href=\"https:\/\/www.crossingeurope.at\/en\" target=\"_blank\" rel=\"noreferrer noopener\">Crossing Europe Film Festival<\/a>, uno degli appuntamenti pi\u00f9 interessanti dedicati al <strong>cinema europeo contemporaneo e indipendente<\/strong>. Per alcuni giorni cinema, teatri e spazi culturali di Linz si riempiono di proiezioni, anteprime e incontri con registi, attori e professionisti del settore.<\/p>\n\n\n\n<p>L\u2019atmosfera \u00e8 giovane, creativa e internazionale: il pubblico \u00e8 composto da appassionati di cinema, studenti, critici e viaggiatori curiosi che arrivano qui per scoprire <strong>nuove voci del cinema europeo<\/strong> e film che spesso non arrivano nelle sale tradizionali.<\/p>\n\n\n\n<p>In pi\u00f9, Linz \u00e8 una citt\u00e0 perfetta per un weekend: compatta, vivace e affacciata sul Danubio, con un mix interessante di <strong>arte contemporanea, architettura moderna e cultura alternativa<\/strong>.<\/p>\n\n\n\n<p><strong>Ideale per<\/strong><\/p>\n\n\n\n<ul class=\"wp-block-list\">\n<li>Appassionati di cinema europeo<\/li>\n\n\n\n<li>Scoprire registi emergenti<\/li>\n\n\n\n<li>Un weekend culturale diverso dal solito<\/li>\n<\/ul>\n\n\n\n<p><strong>Curiosit\u00e0<\/strong>: Il Crossing Europe Film Festival \u00e8 nato nel <strong>2004<\/strong> con l\u2019obiettivo di dare visibilit\u00e0 al cinema europeo emergente. Oggi presenta ogni anno <strong>oltre 140 film provenienti da decine di Paesi europei<\/strong>, molti dei quali vengono proiettati in Austria per la prima volta proprio durante il festival.<\/p>\n\n\n<div class=\"wp-block-image\">\n<figure class=\"aligncenter size-full\"><img decoding=\"async\" width=\"900\" height=\"600\" src=\"https:\/\/heymondo.it\/blog\/wp-content\/uploads\/2026\/03\/Linz-film-festival.jpg\" alt=\"Il festival di Linz\" class=\"wp-image-43791\" srcset=\"https:\/\/heymondo.it\/blog\/wp-content\/uploads\/2026\/03\/Linz-film-festival-200x133.jpg 200w, https:\/\/heymondo.it\/blog\/wp-content\/uploads\/2026\/03\/Linz-film-festival-300x200.jpg 300w, https:\/\/heymondo.it\/blog\/wp-content\/uploads\/2026\/03\/Linz-film-festival-400x267.jpg 400w, https:\/\/heymondo.it\/blog\/wp-content\/uploads\/2026\/03\/Linz-film-festival-600x400.jpg 600w, https:\/\/heymondo.it\/blog\/wp-content\/uploads\/2026\/03\/Linz-film-festival-768x512.jpg 768w, https:\/\/heymondo.it\/blog\/wp-content\/uploads\/2026\/03\/Linz-film-festival-800x533.jpg 800w, https:\/\/heymondo.it\/blog\/wp-content\/uploads\/2026\/03\/Linz-film-festival.jpg 900w\" sizes=\"(max-width: 900px) 100vw, 900px\" \/><figcaption class=\"wp-element-caption\">Vista di Linz, Austria, di sera<\/figcaption><\/figure>\n<\/div>\n\n\n<h2 class=\"wp-block-heading\"><span class=\"ez-toc-section\" id=\"Barcellona_%E2%80%93_Primavera_Sound\"><\/span>Barcellona \u2013 Primavera Sound<span class=\"ez-toc-section-end\"><\/span><\/h2>\n\n\n\n<p>Se per voi la primavera significa<strong> festival musicali, concerti sotto le stelle e line-up incredibili<\/strong>, allora Barcellona a fine maggio \u00e8 il posto giusto.<\/p>\n\n\n\n<p>Il <a href=\"https:\/\/www.primaverasound.com\/es\/it\/barcelona\" target=\"_blank\" rel=\"noreferrer noopener\"><strong>Primavera Sound<\/strong> si svolge dal 4 al 6 giugno 2026<\/a> nel grande <strong>Parc del F\u00f2rum<\/strong>, affacciato sul mare. In pochi giorni la citt\u00e0 accoglie migliaia di appassionati di musica provenienti da tutto il mondo.<\/p>\n\n\n\n<p>Il festival \u00e8 famoso per le sue line-up eclettiche, che mescolano <strong>grandi nomi internazionali, artisti indie, elettronica, pop e nuove scoperte musicali<\/strong>. Oltre ai concerti principali, la citt\u00e0 si anima con eventi paralleli, DJ set e performance in diversi locali di Barcellona.<\/p>\n\n\n\n<p>Il risultato \u00e8 un\u2019esperienza musicale immersiva che unisce <strong>grandi artisti, atmosfera mediterranea e notti che sembrano non finire mai<\/strong>.<\/p>\n\n\n\n<p><strong>Perch\u00e9 andarci<\/strong><\/p>\n\n\n\n<ul class=\"wp-block-list\">\n<li>\u00c8 uno dei festival musicali pi\u00f9 importanti d\u2019Europa<\/li>\n\n\n\n<li>Line-up internazionale tra indie, pop ed elettronica<\/li>\n\n\n\n<li>Location spettacolare sul mare<\/li>\n<\/ul>\n\n\n\n<p><strong>Curiosit\u00e0<\/strong>: Il Primavera Sound \u00e8 nato nel <strong>2001<\/strong> come piccolo evento dedicato alla scena indie. Oggi \u00e8 diventato uno dei festival musicali pi\u00f9 influenti al mondo, con <strong>centinaia di artisti e oltre 200.000 partecipanti<\/strong> ogni anno.<\/p>\n\n\n<div class=\"wp-block-image\">\n<figure class=\"aligncenter size-full\"><img decoding=\"async\" width=\"900\" height=\"600\" src=\"https:\/\/heymondo.it\/blog\/wp-content\/uploads\/2026\/03\/barcelona.jpg\" alt=\"\" class=\"wp-image-43792\" srcset=\"https:\/\/heymondo.it\/blog\/wp-content\/uploads\/2026\/03\/barcelona-200x133.jpg 200w, https:\/\/heymondo.it\/blog\/wp-content\/uploads\/2026\/03\/barcelona-300x200.jpg 300w, https:\/\/heymondo.it\/blog\/wp-content\/uploads\/2026\/03\/barcelona-400x267.jpg 400w, https:\/\/heymondo.it\/blog\/wp-content\/uploads\/2026\/03\/barcelona-600x400.jpg 600w, https:\/\/heymondo.it\/blog\/wp-content\/uploads\/2026\/03\/barcelona-768x512.jpg 768w, https:\/\/heymondo.it\/blog\/wp-content\/uploads\/2026\/03\/barcelona-800x533.jpg 800w, https:\/\/heymondo.it\/blog\/wp-content\/uploads\/2026\/03\/barcelona.jpg 900w\" sizes=\"(max-width: 900px) 100vw, 900px\" \/><figcaption class=\"wp-element-caption\">Vista di Barcellona dall&#8217;alto<\/figcaption><\/figure>\n<\/div>\n\n\n<h2 class=\"wp-block-heading\"><span class=\"ez-toc-section\" id=\"Parigi_%E2%80%93_Cercle_Festival\"><\/span>Parigi \u2013 Cercle Festival<span class=\"ez-toc-section-end\"><\/span><\/h2>\n\n\n\n<p>Se amate la musica elettronica e gli eventi che uniscono <strong>musica, arte e location spettacolari<\/strong>, il <a href=\"https:\/\/festival.cercle.io\/\" target=\"_blank\" rel=\"noreferrer noopener\">Cercle Festival<\/a> \u00e8 uno degli appuntamenti pi\u00f9 originali della primavera europea.<\/p>\n\n\n\n<p>Il festival si svolge dal 22 al 24 maggio 2026, nei suggestivi spazi del Mus\u00e9e de l&#8217;Air et de l&#8217;Espace, vicino a Parigi. Per due giorni questo museo dedicato all\u2019aviazione si trasforma in un enorme palco dove DJ e artisti internazionali si esibiscono circondati da <strong>aerei storici, installazioni luminose e scenografie futuristiche<\/strong>.<\/p>\n\n\n\n<p>L\u2019atmosfera \u00e8 unica: set al tramonto, visual immersivi e una produzione scenica molto curata rendono ogni performance un vero spettacolo. Non \u00e8 solo un festival musicale, ma un\u2019esperienza pensata per essere <strong>vissuta e condivisa<\/strong>, tra musica, tecnologia e architettura.<\/p>\n\n\n\n<p>Negli ultimi anni il Cercle Festival \u00e8 diventato uno degli eventi pi\u00f9 attesi dagli appassionati di musica elettronica, attirando pubblico da tutta Europa.<\/p>\n\n\n\n<p><strong>Perch\u00e9 andarci<\/strong><\/p>\n\n\n\n<ul class=\"wp-block-list\">\n<li>\u00c8 una delle location pi\u00f9 spettacolari per un festival<\/li>\n\n\n\n<li>DJ e artisti elettronici di fama internazionale<\/li>\n\n\n\n<li>Atmosfera immersiva tra musica e arte<\/li>\n<\/ul>\n\n\n<div class=\"wp-block-image\">\n<figure class=\"aligncenter size-large\"><img decoding=\"async\" width=\"1024\" height=\"683\" src=\"https:\/\/heymondo.it\/blog\/wp-content\/uploads\/2026\/03\/circle-festival-parivi-1024x683.jpeg\" alt=\"Circle festival Paris\" class=\"wp-image-43793\" srcset=\"https:\/\/heymondo.it\/blog\/wp-content\/uploads\/2026\/03\/circle-festival-parivi-200x133.jpeg 200w, https:\/\/heymondo.it\/blog\/wp-content\/uploads\/2026\/03\/circle-festival-parivi-300x200.jpeg 300w, https:\/\/heymondo.it\/blog\/wp-content\/uploads\/2026\/03\/circle-festival-parivi-400x267.jpeg 400w, https:\/\/heymondo.it\/blog\/wp-content\/uploads\/2026\/03\/circle-festival-parivi-600x400.jpeg 600w, https:\/\/heymondo.it\/blog\/wp-content\/uploads\/2026\/03\/circle-festival-parivi-768x512.jpeg 768w, https:\/\/heymondo.it\/blog\/wp-content\/uploads\/2026\/03\/circle-festival-parivi-800x533.jpeg 800w, https:\/\/heymondo.it\/blog\/wp-content\/uploads\/2026\/03\/circle-festival-parivi-1024x683.jpeg 1024w, https:\/\/heymondo.it\/blog\/wp-content\/uploads\/2026\/03\/circle-festival-parivi.jpeg 1200w\" sizes=\"(max-width: 1024px) 100vw, 1024px\" \/><figcaption class=\"wp-element-caption\">Uni dei punti del Mus\u00e9e de l&#8217;Air et de l&#8217;Espace dove si svolge il Cercle Festival<\/figcaption><\/figure>\n<\/div>\n\n\n<h2 class=\"wp-block-heading\"><span class=\"ez-toc-section\" id=\"Parti_alla_scoperta_dei_festival_di_primavera_con_Heymondo\"><\/span>Parti alla scoperta dei festival di primavera con Heymondo<span class=\"ez-toc-section-end\"><\/span><\/h2>\n\n\n\n<p>La primavera \u00e8 il momento perfetto per partire: le citt\u00e0 si animano, i festival riempiono le strade di musica, colori e tradizioni e basta davvero un weekend per vivere un\u2019esperienza diversa dal solito. Che si tratti di <strong>danze attorno al fuoco a Edimburgo, parate floreali a Madeira o concerti sotto le stelle a Parigi<\/strong>, l\u2019Europa in questa stagione \u00e8 piena di eventi unici.<\/p>\n\n\n\n<p>Prima di partire, per\u00f2, vale sempre la pena viaggiare senza pensieri. Con l\u2019assicurazione viaggio di Heymondo potete affrontare il vostro weekend primaverile con:<\/p>\n\n\n\n<ul class=\"wp-block-list\">\n<li><strong>Spese mediche fino a \u00a06.000.000\u20ac<\/strong><\/li>\n\n\n\n<li><strong>Assistenza 24\/7 in Italiano<\/strong><\/li>\n\n\n\n<li><strong>Chat medica 24\/7 e videoconsulto<\/strong><\/li>\n<\/ul>\n\n\n\n<p>Organizzate il vostro prossimo city break e scoprite i festival di primavera in Europa con la tranquillit\u00e0 di essere sempre protetti.<\/p>\n\n\n\n<p class=\"has-text-align-center\"><a class=\"custom-button\" style=\"color: white; width: 250px;\" href=\"https:\/\/heymondo.it\/assicurazione-viaggio\/\" target=\"_blank\" rel=\"noopener noreferrer\" title=\"assicurazione di viaggio\">Assicurazione viaggio<\/a><\/p>\n","protected":false},"excerpt":{"rendered":"<p>La primavera in Europa ha qualcosa di speciale. Le giornate [&hellip;]<\/p>\n","protected":false},"author":23,"featured_media":43795,"comment_status":"closed","ping_status":"closed","sticky":false,"template":"","format":"standard","meta":{"_themeisle_gutenberg_block_has_review":false,"footnotes":""},"categories":[10],"tags":[],"class_list":["post-43787","post","type-post","status-publish","format-standard","has-post-thumbnail","hentry","category-attualita-heymondo"],"acf":[],"yoast_head":"<!-- This site is optimized with the Yoast SEO plugin v27.4 - https:\/\/yoast.com\/product\/yoast-seo-wordpress\/ -->\n<title>Festival di primavera in Europa: 6 citt\u00e0 con eventi unici 2026<\/title>\n<meta name=\"description\" content=\"Vuoi partire per un weekend europeo primaverile? Scopri i festival di primavera in Europa con eventi unici da vivere.\" \/>\n<meta name=\"robots\" content=\"index, follow, max-snippet:-1, max-image-preview:large, max-video-preview:-1\" \/>\n<link rel=\"canonical\" href=\"https:\/\/heymondo.it\/blog\/festival-di-primavera-in-europa-ecco-6-citta-con-eventi-unici\/\" \/>\n<meta property=\"og:locale\" content=\"it_IT\" \/>\n<meta property=\"og:type\" content=\"article\" \/>\n<meta property=\"og:title\" content=\"Festival di primavera in Europa: 6 citt\u00e0 con eventi unici 2026\" \/>\n<meta property=\"og:description\" content=\"Vuoi partire per un weekend europeo primaverile? Scopri i festival di primavera in Europa con eventi unici da vivere.\" \/>\n<meta property=\"og:url\" content=\"https:\/\/heymondo.it\/blog\/festival-di-primavera-in-europa-ecco-6-citta-con-eventi-unici\/\" \/>\n<meta property=\"og:site_name\" content=\"Heymondo\" \/>\n<meta property=\"article:published_time\" content=\"2026-03-13T17:00:00+00:00\" \/>\n<meta property=\"article:modified_time\" content=\"2026-03-17T17:16:38+00:00\" \/>\n<meta property=\"og:image\" content=\"https:\/\/heymondo.it\/blog\/wp-content\/uploads\/2026\/03\/Festival-di-primavera-in-europa.jpg\" \/>\n\t<meta property=\"og:image:width\" content=\"1400\" \/>\n\t<meta property=\"og:image:height\" content=\"800\" \/>\n\t<meta property=\"og:image:type\" content=\"image\/jpeg\" \/>\n<meta name=\"author\" content=\"Valentina Nesi\" \/>\n<meta name=\"twitter:card\" content=\"summary_large_image\" \/>\n<meta name=\"twitter:creator\" content=\"@heymondo_fr\" \/>\n<meta name=\"twitter:site\" content=\"@heymondo_fr\" \/>\n<meta name=\"twitter:label1\" content=\"Scritto da\" \/>\n\t<meta name=\"twitter:data1\" content=\"Valentina Nesi\" \/>\n\t<meta name=\"twitter:label2\" content=\"Tempo di lettura stimato\" \/>\n\t<meta name=\"twitter:data2\" content=\"10 minuti\" \/>\n<script type=\"application\/ld+json\" class=\"yoast-schema-graph\">{\"@context\":\"https:\\\/\\\/schema.org\",\"@graph\":[{\"@type\":\"Article\",\"@id\":\"https:\\\/\\\/heymondo.it\\\/blog\\\/festival-di-primavera-in-europa-ecco-6-citta-con-eventi-unici\\\/#article\",\"isPartOf\":{\"@id\":\"https:\\\/\\\/heymondo.it\\\/blog\\\/festival-di-primavera-in-europa-ecco-6-citta-con-eventi-unici\\\/\"},\"author\":{\"name\":\"Valentina Nesi\",\"@id\":\"https:\\\/\\\/heymondo.es\\\/blog\\\/#\\\/schema\\\/person\\\/02fe92c46557d480d6d147b150601428\"},\"headline\":\"Festival di primavera in Europa: ecco 6 citt\u00e0 con eventi unici\",\"datePublished\":\"2026-03-13T17:00:00+00:00\",\"dateModified\":\"2026-03-17T17:16:38+00:00\",\"mainEntityOfPage\":{\"@id\":\"https:\\\/\\\/heymondo.it\\\/blog\\\/festival-di-primavera-in-europa-ecco-6-citta-con-eventi-unici\\\/\"},\"wordCount\":1454,\"image\":{\"@id\":\"https:\\\/\\\/heymondo.it\\\/blog\\\/festival-di-primavera-in-europa-ecco-6-citta-con-eventi-unici\\\/#primaryimage\"},\"thumbnailUrl\":\"https:\\\/\\\/heymondo.it\\\/blog\\\/wp-content\\\/uploads\\\/2026\\\/03\\\/Festival-di-primavera-in-europa.jpg\",\"articleSection\":[\"Attualit\u00e0 Heymondo\"],\"inLanguage\":\"it-IT\"},{\"@type\":\"WebPage\",\"@id\":\"https:\\\/\\\/heymondo.it\\\/blog\\\/festival-di-primavera-in-europa-ecco-6-citta-con-eventi-unici\\\/\",\"url\":\"https:\\\/\\\/heymondo.it\\\/blog\\\/festival-di-primavera-in-europa-ecco-6-citta-con-eventi-unici\\\/\",\"name\":\"Festival di primavera in Europa: 6 citt\u00e0 con eventi unici 2026\",\"isPartOf\":{\"@id\":\"https:\\\/\\\/heymondo.es\\\/blog\\\/#website\"},\"primaryImageOfPage\":{\"@id\":\"https:\\\/\\\/heymondo.it\\\/blog\\\/festival-di-primavera-in-europa-ecco-6-citta-con-eventi-unici\\\/#primaryimage\"},\"image\":{\"@id\":\"https:\\\/\\\/heymondo.it\\\/blog\\\/festival-di-primavera-in-europa-ecco-6-citta-con-eventi-unici\\\/#primaryimage\"},\"thumbnailUrl\":\"https:\\\/\\\/heymondo.it\\\/blog\\\/wp-content\\\/uploads\\\/2026\\\/03\\\/Festival-di-primavera-in-europa.jpg\",\"datePublished\":\"2026-03-13T17:00:00+00:00\",\"dateModified\":\"2026-03-17T17:16:38+00:00\",\"author\":{\"@id\":\"https:\\\/\\\/heymondo.es\\\/blog\\\/#\\\/schema\\\/person\\\/02fe92c46557d480d6d147b150601428\"},\"description\":\"Vuoi partire per un weekend europeo primaverile? Scopri i festival di primavera in Europa con eventi unici da vivere.\",\"breadcrumb\":{\"@id\":\"https:\\\/\\\/heymondo.it\\\/blog\\\/festival-di-primavera-in-europa-ecco-6-citta-con-eventi-unici\\\/#breadcrumb\"},\"inLanguage\":\"it-IT\",\"potentialAction\":[{\"@type\":\"ReadAction\",\"target\":[\"https:\\\/\\\/heymondo.it\\\/blog\\\/festival-di-primavera-in-europa-ecco-6-citta-con-eventi-unici\\\/\"]}]},{\"@type\":\"ImageObject\",\"inLanguage\":\"it-IT\",\"@id\":\"https:\\\/\\\/heymondo.it\\\/blog\\\/festival-di-primavera-in-europa-ecco-6-citta-con-eventi-unici\\\/#primaryimage\",\"url\":\"https:\\\/\\\/heymondo.it\\\/blog\\\/wp-content\\\/uploads\\\/2026\\\/03\\\/Festival-di-primavera-in-europa.jpg\",\"contentUrl\":\"https:\\\/\\\/heymondo.it\\\/blog\\\/wp-content\\\/uploads\\\/2026\\\/03\\\/Festival-di-primavera-in-europa.jpg\",\"width\":1400,\"height\":800,\"caption\":\"Festival di primavera\"},{\"@type\":\"BreadcrumbList\",\"@id\":\"https:\\\/\\\/heymondo.it\\\/blog\\\/festival-di-primavera-in-europa-ecco-6-citta-con-eventi-unici\\\/#breadcrumb\",\"itemListElement\":[{\"@type\":\"ListItem\",\"position\":1,\"name\":\"Home\",\"item\":\"https:\\\/\\\/heymondo.it\\\/blog\\\/\"},{\"@type\":\"ListItem\",\"position\":2,\"name\":\"Festival di primavera in Europa: ecco 6 citt\u00e0 con eventi unici\"}]},{\"@type\":\"WebSite\",\"@id\":\"https:\\\/\\\/heymondo.es\\\/blog\\\/#website\",\"url\":\"https:\\\/\\\/heymondo.es\\\/blog\\\/\",\"name\":\"Heymondo\",\"description\":\"\",\"potentialAction\":[{\"@type\":\"SearchAction\",\"target\":{\"@type\":\"EntryPoint\",\"urlTemplate\":\"https:\\\/\\\/heymondo.es\\\/blog\\\/?s={search_term_string}\"},\"query-input\":{\"@type\":\"PropertyValueSpecification\",\"valueRequired\":true,\"valueName\":\"search_term_string\"}}],\"inLanguage\":\"it-IT\"},{\"@type\":\"Person\",\"@id\":\"https:\\\/\\\/heymondo.es\\\/blog\\\/#\\\/schema\\\/person\\\/02fe92c46557d480d6d147b150601428\",\"name\":\"Valentina Nesi\",\"description\":\"Valentina \u00e8 responsabile di Marketing e comunicazione Italia in Heymondo. Appassionata di viaggi, ama scoprire nuovi luoghi e immergersi nelle diverse culture. Nel blog di Heymondo, condivide le sue conoscenze, proponendo spunti su destinazioni poco conosciute e mettendo in evidenza le tradizioni uniche di ogni luogo. Con i suoi articoli, vuole stimolare la curiosit\u00e0 dei lettori, raccontando esperienze autentiche e dando visibilit\u00e0 a quei posti meno esplorati. Con un focus sulle tradizioni e le culture locali, Valentina vuole offrire spunti per viaggi che vadano oltre la superficie.\",\"url\":\"https:\\\/\\\/heymondo.it\\\/blog\\\/author\\\/valentina-nesi\\\/\"}]}<\/script>\n<!-- \/ Yoast SEO plugin. -->","yoast_head_json":{"title":"Festival di primavera in Europa: 6 citt\u00e0 con eventi unici 2026","description":"Vuoi partire per un weekend europeo primaverile? Scopri i festival di primavera in Europa con eventi unici da vivere.","robots":{"index":"index","follow":"follow","max-snippet":"max-snippet:-1","max-image-preview":"max-image-preview:large","max-video-preview":"max-video-preview:-1"},"canonical":"https:\/\/heymondo.it\/blog\/festival-di-primavera-in-europa-ecco-6-citta-con-eventi-unici\/","og_locale":"it_IT","og_type":"article","og_title":"Festival di primavera in Europa: 6 citt\u00e0 con eventi unici 2026","og_description":"Vuoi partire per un weekend europeo primaverile? Scopri i festival di primavera in Europa con eventi unici da vivere.","og_url":"https:\/\/heymondo.it\/blog\/festival-di-primavera-in-europa-ecco-6-citta-con-eventi-unici\/","og_site_name":"Heymondo","article_published_time":"2026-03-13T17:00:00+00:00","article_modified_time":"2026-03-17T17:16:38+00:00","og_image":[{"width":1400,"height":800,"url":"https:\/\/heymondo.it\/blog\/wp-content\/uploads\/2026\/03\/Festival-di-primavera-in-europa.jpg","type":"image\/jpeg"}],"author":"Valentina Nesi","twitter_card":"summary_large_image","twitter_creator":"@heymondo_fr","twitter_site":"@heymondo_fr","twitter_misc":{"Scritto da":"Valentina Nesi","Tempo di lettura stimato":"10 minuti"},"schema":{"@context":"https:\/\/schema.org","@graph":[{"@type":"Article","@id":"https:\/\/heymondo.it\/blog\/festival-di-primavera-in-europa-ecco-6-citta-con-eventi-unici\/#article","isPartOf":{"@id":"https:\/\/heymondo.it\/blog\/festival-di-primavera-in-europa-ecco-6-citta-con-eventi-unici\/"},"author":{"name":"Valentina Nesi","@id":"https:\/\/heymondo.es\/blog\/#\/schema\/person\/02fe92c46557d480d6d147b150601428"},"headline":"Festival di primavera in Europa: ecco 6 citt\u00e0 con eventi unici","datePublished":"2026-03-13T17:00:00+00:00","dateModified":"2026-03-17T17:16:38+00:00","mainEntityOfPage":{"@id":"https:\/\/heymondo.it\/blog\/festival-di-primavera-in-europa-ecco-6-citta-con-eventi-unici\/"},"wordCount":1454,"image":{"@id":"https:\/\/heymondo.it\/blog\/festival-di-primavera-in-europa-ecco-6-citta-con-eventi-unici\/#primaryimage"},"thumbnailUrl":"https:\/\/heymondo.it\/blog\/wp-content\/uploads\/2026\/03\/Festival-di-primavera-in-europa.jpg","articleSection":["Attualit\u00e0 Heymondo"],"inLanguage":"it-IT"},{"@type":"WebPage","@id":"https:\/\/heymondo.it\/blog\/festival-di-primavera-in-europa-ecco-6-citta-con-eventi-unici\/","url":"https:\/\/heymondo.it\/blog\/festival-di-primavera-in-europa-ecco-6-citta-con-eventi-unici\/","name":"Festival di primavera in Europa: 6 citt\u00e0 con eventi unici 2026","isPartOf":{"@id":"https:\/\/heymondo.es\/blog\/#website"},"primaryImageOfPage":{"@id":"https:\/\/heymondo.it\/blog\/festival-di-primavera-in-europa-ecco-6-citta-con-eventi-unici\/#primaryimage"},"image":{"@id":"https:\/\/heymondo.it\/blog\/festival-di-primavera-in-europa-ecco-6-citta-con-eventi-unici\/#primaryimage"},"thumbnailUrl":"https:\/\/heymondo.it\/blog\/wp-content\/uploads\/2026\/03\/Festival-di-primavera-in-europa.jpg","datePublished":"2026-03-13T17:00:00+00:00","dateModified":"2026-03-17T17:16:38+00:00","author":{"@id":"https:\/\/heymondo.es\/blog\/#\/schema\/person\/02fe92c46557d480d6d147b150601428"},"description":"Vuoi partire per un weekend europeo primaverile? Scopri i festival di primavera in Europa con eventi unici da vivere.","breadcrumb":{"@id":"https:\/\/heymondo.it\/blog\/festival-di-primavera-in-europa-ecco-6-citta-con-eventi-unici\/#breadcrumb"},"inLanguage":"it-IT","potentialAction":[{"@type":"ReadAction","target":["https:\/\/heymondo.it\/blog\/festival-di-primavera-in-europa-ecco-6-citta-con-eventi-unici\/"]}]},{"@type":"ImageObject","inLanguage":"it-IT","@id":"https:\/\/heymondo.it\/blog\/festival-di-primavera-in-europa-ecco-6-citta-con-eventi-unici\/#primaryimage","url":"https:\/\/heymondo.it\/blog\/wp-content\/uploads\/2026\/03\/Festival-di-primavera-in-europa.jpg","contentUrl":"https:\/\/heymondo.it\/blog\/wp-content\/uploads\/2026\/03\/Festival-di-primavera-in-europa.jpg","width":1400,"height":800,"caption":"Festival di primavera"},{"@type":"BreadcrumbList","@id":"https:\/\/heymondo.it\/blog\/festival-di-primavera-in-europa-ecco-6-citta-con-eventi-unici\/#breadcrumb","itemListElement":[{"@type":"ListItem","position":1,"name":"Home","item":"https:\/\/heymondo.it\/blog\/"},{"@type":"ListItem","position":2,"name":"Festival di primavera in Europa: ecco 6 citt\u00e0 con eventi unici"}]},{"@type":"WebSite","@id":"https:\/\/heymondo.es\/blog\/#website","url":"https:\/\/heymondo.es\/blog\/","name":"Heymondo","description":"","potentialAction":[{"@type":"SearchAction","target":{"@type":"EntryPoint","urlTemplate":"https:\/\/heymondo.es\/blog\/?s={search_term_string}"},"query-input":{"@type":"PropertyValueSpecification","valueRequired":true,"valueName":"search_term_string"}}],"inLanguage":"it-IT"},{"@type":"Person","@id":"https:\/\/heymondo.es\/blog\/#\/schema\/person\/02fe92c46557d480d6d147b150601428","name":"Valentina Nesi","description":"Valentina \u00e8 responsabile di Marketing e comunicazione Italia in Heymondo. Appassionata di viaggi, ama scoprire nuovi luoghi e immergersi nelle diverse culture. Nel blog di Heymondo, condivide le sue conoscenze, proponendo spunti su destinazioni poco conosciute e mettendo in evidenza le tradizioni uniche di ogni luogo. Con i suoi articoli, vuole stimolare la curiosit\u00e0 dei lettori, raccontando esperienze autentiche e dando visibilit\u00e0 a quei posti meno esplorati. Con un focus sulle tradizioni e le culture locali, Valentina vuole offrire spunti per viaggi che vadano oltre la superficie.","url":"https:\/\/heymondo.it\/blog\/author\/valentina-nesi\/"}]}},"featured_image_url":"https:\/\/heymondo.it\/blog\/wp-content\/uploads\/2026\/03\/Festival-di-primavera-in-europa.jpg","_links":{"self":[{"href":"https:\/\/heymondo.it\/blog\/wp-json\/wp\/v2\/posts\/43787","targetHints":{"allow":["GET"]}}],"collection":[{"href":"https:\/\/heymondo.it\/blog\/wp-json\/wp\/v2\/posts"}],"about":[{"href":"https:\/\/heymondo.it\/blog\/wp-json\/wp\/v2\/types\/post"}],"author":[{"embeddable":true,"href":"https:\/\/heymondo.it\/blog\/wp-json\/wp\/v2\/users\/23"}],"replies":[{"embeddable":true,"href":"https:\/\/heymondo.it\/blog\/wp-json\/wp\/v2\/comments?post=43787"}],"version-history":[{"count":3,"href":"https:\/\/heymondo.it\/blog\/wp-json\/wp\/v2\/posts\/43787\/revisions"}],"predecessor-version":[{"id":43797,"href":"https:\/\/heymondo.it\/blog\/wp-json\/wp\/v2\/posts\/43787\/revisions\/43797"}],"wp:featuredmedia":[{"embeddable":true,"href":"https:\/\/heymondo.it\/blog\/wp-json\/wp\/v2\/media\/43795"}],"wp:attachment":[{"href":"https:\/\/heymondo.it\/blog\/wp-json\/wp\/v2\/media?parent=43787"}],"wp:term":[{"taxonomy":"category","embeddable":true,"href":"https:\/\/heymondo.it\/blog\/wp-json\/wp\/v2\/categories?post=43787"},{"taxonomy":"post_tag","embeddable":true,"href":"https:\/\/heymondo.it\/blog\/wp-json\/wp\/v2\/tags?post=43787"}],"curies":[{"name":"wp","href":"https:\/\/api.w.org\/{rel}","templated":true}]}}