{"id":16425,"date":"2025-07-31T13:14:46","date_gmt":"2025-07-31T11:14:46","guid":{"rendered":"https:\/\/heymondo.it\/blog\/?p=16425"},"modified":"2025-09-02T08:19:24","modified_gmt":"2025-09-02T06:19:24","slug":"dove-viaggiare-a-settembre","status":"publish","type":"post","link":"https:\/\/heymondo.it\/blog\/dove-viaggiare-a-settembre\/","title":{"rendered":"Dove viaggiare a settembre?"},"content":{"rendered":"\n<p><span style=\"font-weight: 400;\">Settembre \u00e8 il mese in cui si torna a scuola, al lavoro e alla solita routine. E allora perch\u00e9 non <strong>spezzare la quotidianit\u00e0 con un viaggio<\/strong> e approfittare delle ultime settimane di bel tempo? A settembre, le destinazioni turistiche pi\u00f9 popolari sono meno affollate rispetto ai mesi estivi e i prezzi cominciano a calare. <\/span><\/p>\n\n\n\n<p><span style=\"font-weight: 400;\">Se desideri pianificare un viaggio ma non sai ancora dove andare, dai <\/span>un&#8217;occhiata<span style=\"font-weight: 400;\"> alle mete che abbiamo selezionato per te. Heymondo ti propone <strong>10 destinazioni perfette<\/strong> <strong>dove viaggia a settembre<\/strong>, sia dal punto di vista climatico che in quanto a presenza di eventi, festival o altre attivit\u00e0 interessanti. Ovunque tu vada ti consigliamo sempre di <strong>proteggerti da qualsiasi imprevisto<\/strong>, stipulando una buona assicurazione di viaggio.<\/span><\/p>\n\n\n\n<p class=\"has-text-align-center\"><a class=\"custom-button\" style=\"color: white; width: 250px;text-decoration: none!important;\" href=\"https:\/\/heymondo.it\/assicurazione-viaggio\/\" target=\"_blank\" rel=\"noopener noreferrer\">Assicurazione di viaggio<\/a><\/p>\n\n\n\n<div id=\"ez-toc-container\" class=\"ez-toc-v2_0_82_2 ez-toc-wrap-center counter-hierarchy ez-toc-counter ez-toc-grey ez-toc-container-direction\">\n<div class=\"ez-toc-title-container\"><p class=\"ez-toc-title\" style=\"cursor:inherit\">Indice<\/p>\n<\/div><nav><ul class='ez-toc-list ez-toc-list-level-1 ' ><li class='ez-toc-page-1 ez-toc-heading-level-2'><a class=\"ez-toc-link ez-toc-heading-1\" href=\"https:\/\/heymondo.it\/blog\/dove-viaggiare-a-settembre\/#Dove_viaggiare_a_settembre_mare_e_spiagge\" >Dove viaggiare a settembre: mare e spiagge<\/a><ul class='ez-toc-list-level-3' ><li class='ez-toc-heading-level-3'><a class=\"ez-toc-link ez-toc-heading-2\" href=\"https:\/\/heymondo.it\/blog\/dove-viaggiare-a-settembre\/#Isole_Azzorre_Portogallo\" >Isole Azzorre, Portogallo<\/a><\/li><li class='ez-toc-page-1 ez-toc-heading-level-3'><a class=\"ez-toc-link ez-toc-heading-3\" href=\"https:\/\/heymondo.it\/blog\/dove-viaggiare-a-settembre\/#Seychelles_Africa\" >Seychelles, Africa<\/a><\/li><li class='ez-toc-page-1 ez-toc-heading-level-3'><a class=\"ez-toc-link ez-toc-heading-4\" href=\"https:\/\/heymondo.it\/blog\/dove-viaggiare-a-settembre\/#Islanda_Europa\" >Islanda, Europa<\/a><\/li><li class='ez-toc-page-1 ez-toc-heading-level-3'><a class=\"ez-toc-link ez-toc-heading-5\" href=\"https:\/\/heymondo.it\/blog\/dove-viaggiare-a-settembre\/#Milos_Grecia\" >Milos, Grecia<\/a><\/li><\/ul><\/li><li class='ez-toc-page-1 ez-toc-heading-level-2'><a class=\"ez-toc-link ez-toc-heading-6\" href=\"https:\/\/heymondo.it\/blog\/dove-viaggiare-a-settembre\/#Dove_viaggiare_a_settembre_citta\" >Dove viaggiare a settembre: citt\u00e0<\/a><ul class='ez-toc-list-level-3' ><li class='ez-toc-heading-level-3'><a class=\"ez-toc-link ez-toc-heading-7\" href=\"https:\/\/heymondo.it\/blog\/dove-viaggiare-a-settembre\/#Cartagena_Spagna\" >Cartagena, Spagna<\/a><\/li><li class='ez-toc-page-1 ez-toc-heading-level-3'><a class=\"ez-toc-link ez-toc-heading-8\" href=\"https:\/\/heymondo.it\/blog\/dove-viaggiare-a-settembre\/#Le_citta_del_Marocco\" >Le citt\u00e0 del Marocco<\/a><\/li><li class='ez-toc-page-1 ez-toc-heading-level-3'><a class=\"ez-toc-link ez-toc-heading-9\" href=\"https:\/\/heymondo.it\/blog\/dove-viaggiare-a-settembre\/#Budapest_Ungheria\" >Budapest, Ungheria<\/a><\/li><\/ul><\/li><li class='ez-toc-page-1 ez-toc-heading-level-2'><a class=\"ez-toc-link ez-toc-heading-10\" href=\"https:\/\/heymondo.it\/blog\/dove-viaggiare-a-settembre\/#Dove_viaggiare_a_settembre_montagna\" >Dove viaggiare a settembre: montagna<\/a><ul class='ez-toc-list-level-3' ><li class='ez-toc-heading-level-3'><a class=\"ez-toc-link ez-toc-heading-11\" href=\"https:\/\/heymondo.it\/blog\/dove-viaggiare-a-settembre\/#Dolomiti_Trentino_Alto_Adige_Italia\" >Dolomiti, Trentino Alto Adige, Italia<\/a><\/li><li class='ez-toc-page-1 ez-toc-heading-level-3'><a class=\"ez-toc-link ez-toc-heading-12\" href=\"https:\/\/heymondo.it\/blog\/dove-viaggiare-a-settembre\/#Carinzia_Austria\" >Carinzia, Austria<\/a><\/li><li class='ez-toc-page-1 ez-toc-heading-level-3'><a class=\"ez-toc-link ez-toc-heading-13\" href=\"https:\/\/heymondo.it\/blog\/dove-viaggiare-a-settembre\/#Cantone_Vallese_Svizzera\" >Cantone Vallese, Svizzera<\/a><\/li><\/ul><\/li><li class='ez-toc-page-1 ez-toc-heading-level-2'><a class=\"ez-toc-link ez-toc-heading-14\" href=\"https:\/\/heymondo.it\/blog\/dove-viaggiare-a-settembre\/#Dove_non_andare_a_settembre\" >Dove non andare a settembre<\/a><\/li><li class='ez-toc-page-1 ez-toc-heading-level-2'><a class=\"ez-toc-link ez-toc-heading-15\" href=\"https:\/\/heymondo.it\/blog\/dove-viaggiare-a-settembre\/#Viaggiare_a_settembre_in_sicurezza_con_Heymondo\" >Viaggiare a settembre in sicurezza con Heymondo<\/a><\/li><\/ul><\/nav><\/div>\n<h2 class=\"wp-block-heading\"><span class=\"ez-toc-section\" id=\"Dove_viaggiare_a_settembre_mare_e_spiagge\"><\/span>Dove viaggiare a settembre: mare e spiagge<span class=\"ez-toc-section-end\"><\/span><\/h2>\n\n\n\n<p><span style=\"font-weight: 400;\">Nonostante non faccia pi\u00f9 caldo come a luglio e agosto, \u00e8 possibile andare in spiaggia anche a settembre. Anzi, in tantissime localit\u00e0, settembre \u00e8 addirittura il mese migliore, <\/span>dato che<span style=\"font-weight: 400;\"> c&#8217;\u00e8 molta meno gente e <strong>il caldo risulta pi\u00f9 sopportabile e meno afoso<\/strong>. <\/span>Ecco qualche idea.<\/p>\n\n\n\n<h3 class=\"wp-block-heading\"><span class=\"ez-toc-section\" id=\"Isole_Azzorre_Portogallo\"><\/span>Isole Azzorre, Portogallo<span class=\"ez-toc-section-end\"><\/span><\/h3>\n\n\n\n<p><span style=\"font-weight: 400;\">Le Azzorre sono una meta eccezionale<\/span>:<strong> i<span style=\"font-weight: 400;\"> paesaggi mozzafiato e la natura incontaminata hanno fatto guadagnare a questo arcipelago l&#8217;appellativo di Hawaii d&#8217;Europa<\/span><\/strong><span style=\"font-weight: 400;\">. Le Azzorre sono tra le mete predilette dagli amanti della natura e delle attivit\u00e0 outdoor. Non solo trekking, ma anche snorkeling, diving e whale watching. <\/span><\/p>\n\n\n\n<p><span style=\"font-weight: 400;\">Da non perdere <\/span><b>Ponta Delgada<\/b><span style=\"font-weight: 400;\">, <strong>il centro urbano pi\u00f9 esteso<\/strong>, ma anche <\/span>Furnas<span style=\"font-weight: 400;\">, principale localit\u00e0 turistica di S\u00e3o Miguel, e lo spettacolare cratere di <\/span>Sete Cidades<span style=\"font-weight: 400;\">. Chi vuole starsene per conto proprio e godere di panorami unici, deve raggiungere Santa Maria, l&#8217;isola pi\u00f9 meridionale, e la sua meravigliosa <\/span>Praia Formosa<span style=\"font-weight: 400;\">, tra le spiagge pi\u00f9 belle dell&#8217;arcipelago. Nel 2007, l&#8217;UNESCO ha dichiarato l&#8217;isola di <\/span>Corvo<span style=\"font-weight: 400;\"> Riserva della Biosfera, facendo aumentare all&#8217;improvviso la presenza di appassionati di trekking. Alla lista UNESCO si \u00e8 presto unita un&#8217;altra isola, la pi\u00f9 occidentale dell&#8217;arcipelago, <\/span>Flores<span style=\"font-weight: 400;\">, ricca di cascate e scogliere a dir poco meravigliose!<\/span><\/p>\n\n\n<div class=\"wp-block-image\">\n<figure class=\"aligncenter is-resized\"><img decoding=\"async\" width=\"899\" height=\"599\" src=\"https:\/\/heymondo.it\/blog\/wp-content\/uploads\/2022\/09\/Isole-Azzorre.jpg\" alt=\"isole azzorre portogallo\" class=\"wp-image-16429\" style=\"object-fit:cover;width:900px;height:600px\" srcset=\"https:\/\/heymondo.it\/blog\/wp-content\/uploads\/2022\/09\/Isole-Azzorre-200x133.jpg 200w, https:\/\/heymondo.it\/blog\/wp-content\/uploads\/2022\/09\/Isole-Azzorre-300x200.jpg 300w, https:\/\/heymondo.it\/blog\/wp-content\/uploads\/2022\/09\/Isole-Azzorre-400x267.jpg 400w, https:\/\/heymondo.it\/blog\/wp-content\/uploads\/2022\/09\/Isole-Azzorre-600x400.jpg 600w, https:\/\/heymondo.it\/blog\/wp-content\/uploads\/2022\/09\/Isole-Azzorre-768x512.jpg 768w, https:\/\/heymondo.it\/blog\/wp-content\/uploads\/2022\/09\/Isole-Azzorre-800x533.jpg 800w, https:\/\/heymondo.it\/blog\/wp-content\/uploads\/2022\/09\/Isole-Azzorre.jpg 899w\" sizes=\"(max-width: 899px) 100vw, 899px\" \/><figcaption class=\"wp-element-caption\">Isole Azzorre, Portogallo<\/figcaption><\/figure>\n<\/div>\n\n\n<h3 class=\"wp-block-heading\"><span class=\"ez-toc-section\" id=\"Seychelles_Africa\"><\/span>Seychelles, Africa<span class=\"ez-toc-section-end\"><\/span><\/h3>\n\n\n\n<p><span style=\"font-weight: 400;\">Parliamo di un altro arcipelago incredibile, ma questa volta molto pi\u00f9 grande: le Seychelles sono <strong>formate da ben 115 isole<\/strong>, <strong>tutte caratterizzate dalla presenza di spiagge stupende sulle quali godersi un meritato relax<\/strong>. Qui, il clima settembrino \u00e8 godibile, le tempeste rare e le giornate quasi sempre assolate. Tra i luoghi da non perdere figura senza dubbio la spiaggia di <\/span>Anse Source d&#8217;Argent<span style=\"font-weight: 400;\">, sull&#8217;isola di La Digue, considerata una delle spiagge pi\u00f9 belle al mondo, grazie alle imponenti rocce di granito, alla sabbia soffice e candida e alle acque cristalline. <\/span><\/p>\n\n\n\n<p><span style=\"font-weight: 400;\">Splendida anche <\/span><strong>Beau Vallon<\/strong><span style=\"font-weight: 400;\">, situata sulle coste di Mah\u00e9, l&#8217;isola principale. Un tratto della spiaggia \u00e8 costeggiato da un lungomare su cui affacciano hotel, bar e ristoranti. Tutto ci\u00f2 contribuisce a renderla vivace e affollata. Ogni mercoled\u00ec, nei pressi della spiaggia, ha luogo anche un coloratissimo mercato. Da non perdere neanche <\/span><b>Anse Intendance<\/b><span style=\"font-weight: 400;\">, situata in una baia pittoresca dal fascino selvaggio. Una bellezza tropicale battuta da onde alte e forti, che ne accentuano il fascino selvaggio e attirano decine di appassionati di surf. Sicuramente un posto originale dove viaggiare a settembre!<\/span><\/p>\n\n\n<div class=\"wp-block-image\">\n<figure class=\"aligncenter is-resized\"><img decoding=\"async\" width=\"899\" height=\"654\" src=\"https:\/\/heymondo.it\/blog\/wp-content\/uploads\/2022\/09\/mare-Seychelles-Africa.jpg\" alt=\"mare Seychelles Africa\" class=\"wp-image-16430\" style=\"object-fit:cover;width:900px;height:600px\" srcset=\"https:\/\/heymondo.it\/blog\/wp-content\/uploads\/2022\/09\/mare-Seychelles-Africa-200x145.jpg 200w, https:\/\/heymondo.it\/blog\/wp-content\/uploads\/2022\/09\/mare-Seychelles-Africa-300x218.jpg 300w, https:\/\/heymondo.it\/blog\/wp-content\/uploads\/2022\/09\/mare-Seychelles-Africa-400x291.jpg 400w, https:\/\/heymondo.it\/blog\/wp-content\/uploads\/2022\/09\/mare-Seychelles-Africa-600x436.jpg 600w, https:\/\/heymondo.it\/blog\/wp-content\/uploads\/2022\/09\/mare-Seychelles-Africa-768x559.jpg 768w, https:\/\/heymondo.it\/blog\/wp-content\/uploads\/2022\/09\/mare-Seychelles-Africa-800x582.jpg 800w, https:\/\/heymondo.it\/blog\/wp-content\/uploads\/2022\/09\/mare-Seychelles-Africa.jpg 899w\" sizes=\"(max-width: 899px) 100vw, 899px\" \/><figcaption class=\"wp-element-caption\">Seychelles, Africa<\/figcaption><\/figure>\n<\/div>\n\n\n<h3 class=\"wp-block-heading\"><span class=\"ez-toc-section\" id=\"Islanda_Europa\"><\/span>Islanda, Europa<span class=\"ez-toc-section-end\"><\/span><\/h3>\n\n\n\n<p>Questa terra di ghiaccio e fuoco regala in ogni stagione scenari spettacolari, ma a settembre ha un fascino particolare. Le giornate sono ancora abbastanza lunghe per esplorare vulcani, geyser e cascate, mentre le notti iniziano a tingersi delle prime aurore boreali.<\/p>\n\n\n\n<p>Reykjav\u00edk \u00e8 il punto di partenza ideale: una capitale vivace e a misura di persona, con caff\u00e8 accoglienti e una vita culturale sorprendente. Da qui, la Golden Circle Route ti pu\u00f2 condurre lungo i paesaggi pi\u00f9 iconici dell\u2019isola, tra cui il Parco Nazionale \u00deingvellir e il geyser Strokkur. Nella costa sud, invece, spiagge nere come Reynisfjara e ghiacciai imponenti offrono uno spettacolo che non ha eguali.<\/p>\n\n\n\n<p>Settembre \u00e8 anche il mese in cui i turisti iniziano a diminuire, rendendo l\u2019esperienza pi\u00f9 intima e autentica. Che si tratti di un trekking tra i fiordi o di un bagno nelle acque calde di una laguna termale, l\u2019Islanda in questo periodo regala un mix perfetto di avventura e magia.<\/p>\n\n\n\n<p class=\"has-text-align-center\"><a class=\"custom-button\" style=\"color: white; width: 250px;text-decoration: none!important;\" href=\"https:\/\/heymondo.it\/assicurazione-viaggio\/islanda\/\" target=\"_blank\" rel=\"noopener noreferrer\">Assicurazione Islanda<\/a><\/p>\n\n\n<div class=\"wp-block-image\">\n<figure class=\"aligncenter size-full is-resized\"><img decoding=\"async\" width=\"1000\" height=\"650\" src=\"https:\/\/heymondo.it\/blog\/wp-content\/uploads\/2025\/07\/Dove-viaggiare-a-settembre-Islanda.jpg\" alt=\"Islanda s settembre\" class=\"wp-image-42939\" style=\"object-fit:cover;width:900px;height:600px\" srcset=\"https:\/\/heymondo.it\/blog\/wp-content\/uploads\/2025\/07\/Dove-viaggiare-a-settembre-Islanda-200x130.jpg 200w, https:\/\/heymondo.it\/blog\/wp-content\/uploads\/2025\/07\/Dove-viaggiare-a-settembre-Islanda-300x195.jpg 300w, https:\/\/heymondo.it\/blog\/wp-content\/uploads\/2025\/07\/Dove-viaggiare-a-settembre-Islanda-400x260.jpg 400w, https:\/\/heymondo.it\/blog\/wp-content\/uploads\/2025\/07\/Dove-viaggiare-a-settembre-Islanda-600x390.jpg 600w, https:\/\/heymondo.it\/blog\/wp-content\/uploads\/2025\/07\/Dove-viaggiare-a-settembre-Islanda-768x499.jpg 768w, https:\/\/heymondo.it\/blog\/wp-content\/uploads\/2025\/07\/Dove-viaggiare-a-settembre-Islanda-800x520.jpg 800w, https:\/\/heymondo.it\/blog\/wp-content\/uploads\/2025\/07\/Dove-viaggiare-a-settembre-Islanda.jpg 1000w\" sizes=\"(max-width: 1000px) 100vw, 1000px\" \/><figcaption class=\"wp-element-caption\">Islanda, Europa<\/figcaption><\/figure>\n<\/div>\n\n\n<h3 class=\"wp-block-heading\"><span class=\"ez-toc-section\" id=\"Milos_Grecia\"><\/span>Milos, Grecia<span class=\"ez-toc-section-end\"><\/span><\/h3>\n\n\n\n<p>Questa piccola isola delle Cicladi \u00e8 un gioiello di bellezza selvaggia, famosa per le sue spiagge uniche e per i contrasti di colore tra rocce bianchissime e mare turchese. Settembre \u00e8 il momento ideale per scoprirla: <strong>il clima \u00e8 ancora estivo, ma le folle si sono ormai diradate, lasciando spazio a un\u2019atmosfera pi\u00f9 autentica<\/strong>.<\/p>\n\n\n\n<p><strong>Adamas<\/strong> \u00e8 il cuore dell\u2019isola, con la sua vivace vita portuale e le taverne dove gustare piatti tipici a base di pesce fresco. Sarakiniko, con le sue rocce lunari scolpite dal vento, \u00e8 una delle spiagge pi\u00f9 iconiche della Grecia, perfetta per scatti indimenticabili. Per chi cerca tranquillit\u00e0 e natura incontaminata, la costa occidentale di Milos offre calette nascoste e villaggi di pescatori come Klima, con le sue caratteristiche case colorate affacciate sull\u2019acqua.<\/p>\n\n\n\n<p>Passeggiare tra le viuzze di <strong>Plaka<\/strong>, la capitale, regala tramonti mozzafiato sull\u2019Egeo e una prospettiva unica su un\u2019isola che sa incantare con la sua semplicit\u00e0.<\/p>\n\n\n\n<p class=\"has-text-align-center\"><a class=\"custom-button\" style=\"color: white; width: 250px;text-decoration: none!important;\" href=\"https:\/\/heymondo.it\/assicurazione-viaggio\/grecia\/\" target=\"_blank\" rel=\"noopener noreferrer\">Assicurazione Grecia<\/a><\/p>\n\n\n<div class=\"wp-block-image\">\n<figure class=\"aligncenter size-full\"><img decoding=\"async\" width=\"1000\" height=\"650\" src=\"https:\/\/heymondo.it\/blog\/wp-content\/uploads\/2025\/07\/Andare-a-Milos-a-settembre.jpg\" alt=\"Visitare Milos e le Cicladi a settembre\" class=\"wp-image-42940\" style=\"object-fit:cover\" srcset=\"https:\/\/heymondo.it\/blog\/wp-content\/uploads\/2025\/07\/Andare-a-Milos-a-settembre-200x130.jpg 200w, https:\/\/heymondo.it\/blog\/wp-content\/uploads\/2025\/07\/Andare-a-Milos-a-settembre-300x195.jpg 300w, https:\/\/heymondo.it\/blog\/wp-content\/uploads\/2025\/07\/Andare-a-Milos-a-settembre-400x260.jpg 400w, https:\/\/heymondo.it\/blog\/wp-content\/uploads\/2025\/07\/Andare-a-Milos-a-settembre-600x390.jpg 600w, https:\/\/heymondo.it\/blog\/wp-content\/uploads\/2025\/07\/Andare-a-Milos-a-settembre-768x499.jpg 768w, https:\/\/heymondo.it\/blog\/wp-content\/uploads\/2025\/07\/Andare-a-Milos-a-settembre-800x520.jpg 800w, https:\/\/heymondo.it\/blog\/wp-content\/uploads\/2025\/07\/Andare-a-Milos-a-settembre.jpg 1000w\" sizes=\"(max-width: 1000px) 100vw, 1000px\" \/><figcaption class=\"wp-element-caption\">Plaka, Milos<\/figcaption><\/figure>\n<\/div>\n\n\n<h2 class=\"wp-block-heading\"><span class=\"ez-toc-section\" id=\"Dove_viaggiare_a_settembre_citta\"><\/span>Dove viaggiare a settembre: citt\u00e0<span class=\"ez-toc-section-end\"><\/span><\/h2>\n\n\n\n<p><span style=\"font-weight: 400;\">Settembre \u00e8 un mese perfetto per visitare le citt\u00e0 senza morire di caldo! Certo, molto dipende dalle condizioni atmosferiche, ma in Europa (e non solo) vi sono tantissime citt\u00e0 caratterizzate da un clima perfetto durante il mese di settembre. N\u00e9 troppo calde, n\u00e9 troppo fredde, queste citt\u00e0 ti garantiranno un soggiorno come lo hai sempre sognato!<\/span><\/p>\n\n\n\n<h3 class=\"wp-block-heading\"><span class=\"ez-toc-section\" id=\"Cartagena_Spagna\"><\/span>Cartagena, Spagna<span class=\"ez-toc-section-end\"><\/span><\/h3>\n\n\n\n<p><span style=\"font-weight: 400;\">Cartagena \u00e8 situata nel cuore della Spagna e, pi\u00f9 precisamente, nella Regione di Murcia. Ha un fascino particolare, tra architetture in stile liberty (definito &#8220;modernista&#8221; in Spagna) e vestigia archeologiche risalenti all&#8217;epoca dei romani, tra cui il celebre Teatro Romano. Il centro storico si visita in uno o due giorni, ma nei dintorni \u00e8 possibile visitare luoghi meravigliosi come la <\/span><b>spiaggia della Manga<\/b><span style=\"font-weight: 400;\"> e <\/span><b>Calblanque<\/b><span style=\"font-weight: 400;\">, un tratto di costa selvaggio che rientra in un&#8217;area protetta. <\/span><span style=\"font-weight: 400;\">Qui, avrai la possibilit\u00e0 di disconnetterti totalmente dal mondo e apprezzare la natura in tutte le sue sfaccettature. Sono disponibili persino aree riservate ai naturisti. Playa de Calblanque \u00e8 stata inserita da numerose riviste specializzate tra le spiagge pi\u00f9 belle d&#8217;Europa. Provare per credere! <\/span><\/p>\n\n\n\n<p><span style=\"font-weight: 400;\">E il clima? A Cartagena il caldo quasi mai \u00e8 afoso e le piogge abbastanza rare. Inoltre, alla fine di settembre si svolge la <\/span><b>festa di Cartaginesi e Romani<\/b><span style=\"font-weight: 400;\">: si tratta di un evento dal grande valore storico e culturale, che ricorda la fondazione della citt\u00e0 da parte di Asdrubale il Bello nel 227 a.C. Gli spettacoli offrono una ricostruzione storica molto accurata degli eventi, dalle origini alla presa della citt\u00e0 da parte dell&#8217;esercito romano.<\/span><\/p>\n\n\n<div class=\"wp-block-image\">\n<figure class=\"aligncenter is-resized\"><img decoding=\"async\" width=\"899\" height=\"674\" src=\"https:\/\/heymondo.it\/blog\/wp-content\/uploads\/2022\/09\/Cartagena-Spagna.jpg\" alt=\"Cartagena Spagna\" class=\"wp-image-16433\" style=\"object-fit:cover;width:900px;height:699px\" srcset=\"https:\/\/heymondo.it\/blog\/wp-content\/uploads\/2022\/09\/Cartagena-Spagna-200x150.jpg 200w, https:\/\/heymondo.it\/blog\/wp-content\/uploads\/2022\/09\/Cartagena-Spagna-300x225.jpg 300w, https:\/\/heymondo.it\/blog\/wp-content\/uploads\/2022\/09\/Cartagena-Spagna-400x300.jpg 400w, https:\/\/heymondo.it\/blog\/wp-content\/uploads\/2022\/09\/Cartagena-Spagna-600x450.jpg 600w, https:\/\/heymondo.it\/blog\/wp-content\/uploads\/2022\/09\/Cartagena-Spagna-768x576.jpg 768w, https:\/\/heymondo.it\/blog\/wp-content\/uploads\/2022\/09\/Cartagena-Spagna-800x600.jpg 800w, https:\/\/heymondo.it\/blog\/wp-content\/uploads\/2022\/09\/Cartagena-Spagna.jpg 899w\" sizes=\"(max-width: 899px) 100vw, 899px\" \/><figcaption class=\"wp-element-caption\">Cartagena, Spagna<\/figcaption><\/figure>\n<\/div>\n\n\n<h3 class=\"wp-block-heading\"><span class=\"ez-toc-section\" id=\"Le_citta_del_Marocco\"><\/span>Le citt\u00e0 del Marocco<span class=\"ez-toc-section-end\"><\/span><\/h3>\n\n\n\n<p><span style=\"font-weight: 400;\">Anche qui le temperature di settembre sono pi\u00f9 favorevoli. A Marrakech oscillano tra i 24 e i 35 gradi e le piogge sono scarse. Una terra assetata, ma che non va immaginata come un grande deserto! Oltre alle spettacolari dune del Sahara, infatti, abbondano fiumi e montagne, soprattutto nella zona settentrionale.<\/span><\/p>\n\n\n\n<p><span style=\"font-weight: 400;\"> Anche<\/span> <a href=\"https:\/\/heymondo.it\/blog\/cosa-vedere-in-marocco\/\" target=\"_blank\" rel=\"noreferrer noopener\">le citt\u00e0 che meritano una visita<\/a><span style=\"font-weight: 400;\"> sono tante, essendo una nazione molto estesa. <\/span><b>Marrakech<\/b><span style=\"font-weight: 400;\"> \u00e8 nota come la citt\u00e0 rossa, per il colore dei suoi edifici; possiede una splendida Medina e gravita intorno a Piazza Djemaa el Fna, il suo cuore pulsante. <\/span><b>Agadir<\/b><span style=\"font-weight: 400;\"> \u00e8 una delle localit\u00e0 preferite da chi vuole godere del mare di settembre e di una lunga lista di spiagge attrezzate, sulle quali praticare sport acquatici come lo snorkeling e il windsurf. <\/span><b>Safi<\/b><span style=\"font-weight: 400;\"> \u00e8 nota come la citt\u00e0 della ceramica ed \u00e8 ricca di vestigia storiche, tra cui la splendida fortezza medievale. La citt\u00e0 pi\u00f9 grande del Paese \u00e8 <\/span><b>Casablanca<\/b><span style=\"font-weight: 400;\">, metropoli moderna, cosmopolita e ricca di vita. Da non perdere la Moschea di Hassan II, con il minareto pi\u00f9 alto del mondo (210 metri), e la Corniche, una zona costiera non lontana dal centro citt\u00e0, costellata di spiagge e ristoranti spettacolari. Anche <\/span><b>Rabat<\/b><span style=\"font-weight: 400;\">, la capitale del Paese, vanta meravigliose spiagge, oltre a un centro storico intimo e accogliente, in grado di offrire vibrazioni positive anche al turista pi\u00f9 esigente. Le cittadine pi\u00f9 belle dell&#8217;entroterra, invece, sono <\/span><b>Fes<\/b><span style=\"font-weight: 400;\"> e <\/span><b>Chefchaouen<\/b><span style=\"font-weight: 400;\">. <\/span><\/p>\n\n\n\n<p><span style=\"font-weight: 400;\">La prima \u00e8 considerata la capitale culturale del Paese, in virt\u00f9 dei numerosi eventi e musei, mentre la seconda \u00e8 nota come la citt\u00e0 blu, per il colore con cui sono dipinte le sue abitazioni. Questa caratteristica unica contribuisce a rendere l&#8217;atmosfera fiabesca. A settembre, ad El Jadida si tiene l&#8217;<\/span><b>Oasis Festival<\/b><span style=\"font-weight: 400;\">. Facilmente raggiungibile da Marrakech, l&#8217;evento promuove una filosofia basata sul benessere e la tradizione, con tanto divertimento, buon cibo e party a bordo piscina fino a tarda notte. Ricordiamo che a causa delle condizioni sanitarie profondamente diverse da quelle italiane, prima di partire per il Marocco \u00e8 consigliabile sottoscrivere un&#8217;<\/span><a href=\"https:\/\/heymondo.it\/assicurazione-viaggio\/marocco\/\" target=\"_blank\" rel=\"noreferrer noopener\">assicurazione di viaggio<\/a><span style=\"font-weight: 400;\">.<\/span><\/p>\n\n\n<div class=\"wp-block-image\">\n<figure class=\"aligncenter is-resized\"><img decoding=\"async\" width=\"899\" height=\"602\" src=\"https:\/\/heymondo.it\/blog\/wp-content\/uploads\/2022\/09\/Marocco-Africa.jpg\" alt=\"Marocco Africa\" class=\"wp-image-16434\" style=\"object-fit:cover;width:900px;height:600px\" srcset=\"https:\/\/heymondo.it\/blog\/wp-content\/uploads\/2022\/09\/Marocco-Africa-200x134.jpg 200w, https:\/\/heymondo.it\/blog\/wp-content\/uploads\/2022\/09\/Marocco-Africa-300x201.jpg 300w, https:\/\/heymondo.it\/blog\/wp-content\/uploads\/2022\/09\/Marocco-Africa-400x268.jpg 400w, https:\/\/heymondo.it\/blog\/wp-content\/uploads\/2022\/09\/Marocco-Africa-600x402.jpg 600w, https:\/\/heymondo.it\/blog\/wp-content\/uploads\/2022\/09\/Marocco-Africa-768x514.jpg 768w, https:\/\/heymondo.it\/blog\/wp-content\/uploads\/2022\/09\/Marocco-Africa-800x536.jpg 800w, https:\/\/heymondo.it\/blog\/wp-content\/uploads\/2022\/09\/Marocco-Africa.jpg 899w\" sizes=\"(max-width: 899px) 100vw, 899px\" \/><figcaption class=\"wp-element-caption\">Marocco, Africa<\/figcaption><\/figure>\n<\/div>\n\n\n<h3 class=\"wp-block-heading\"><span class=\"ez-toc-section\" id=\"Budapest_Ungheria\"><\/span>Budapest, Ungheria<span class=\"ez-toc-section-end\"><\/span><\/h3>\n\n\n\n<p><span style=\"font-weight: 400;\">Citt\u00e0 dal clima abbastanza rigido in inverno, nel mese di settembre offre belle giornate e temperature perfette, comprese tra 13 e 25 gradi. Budapest \u00e8 una citt\u00e0 ricca di attrazioni, impreziosita da una vita notturna vivace. Da non perdere i famosi Ruins Pub, locali ricavati in antiche strutture abbandonate, e le numerose terme dal fascino principesco. In particolare, ad attrarre i turisti sono i <\/span><b>Bagni Szechenyi<\/b><span style=\"font-weight: 400;\">, risalenti al 1881. Dopo gli ampliamenti strutturali del 1927, sono diventati i pi\u00f9 grandi d&#8217;Europa. Qui, l&#8217;acqua viene erogata da due diverse sorgenti, convogliate verso la fine dell&#8217;800. In profondit\u00e0, la temperatura dell&#8217;acqua \u00e8 di circa 76 gradi centigradi, mentre in superficie sono presenti vasche caratterizzate da temperature molto diverse le une dalle altre. <\/span><\/p>\n\n\n\n<p><span style=\"font-weight: 400;\">A Budapest ogni cosa \u00e8 sensazionale, come il meraviglioso Parlamento e il Castello di Buda, dall&#8217;alto del quale \u00e8 possibile ammirare un panorama unico. Da non perdere una <\/span><b>crociera sul Danubio<\/b><span style=\"font-weight: 400;\">, la maniera pi\u00f9 romantica per godere delle luci della citt\u00e0 durante le ore serali.<\/span><\/p>\n\n\n<div class=\"wp-block-image\">\n<figure class=\"aligncenter is-resized\"><img decoding=\"async\" width=\"899\" height=\"599\" src=\"https:\/\/heymondo.it\/blog\/wp-content\/uploads\/2022\/09\/Budapest-Ungheria.jpg\" alt=\"Budapest Ungheria\" class=\"wp-image-16435\" style=\"object-fit:cover;width:900px;height:600px\" srcset=\"https:\/\/heymondo.it\/blog\/wp-content\/uploads\/2022\/09\/Budapest-Ungheria-200x133.jpg 200w, https:\/\/heymondo.it\/blog\/wp-content\/uploads\/2022\/09\/Budapest-Ungheria-300x200.jpg 300w, https:\/\/heymondo.it\/blog\/wp-content\/uploads\/2022\/09\/Budapest-Ungheria-400x267.jpg 400w, https:\/\/heymondo.it\/blog\/wp-content\/uploads\/2022\/09\/Budapest-Ungheria-600x400.jpg 600w, https:\/\/heymondo.it\/blog\/wp-content\/uploads\/2022\/09\/Budapest-Ungheria-768x512.jpg 768w, https:\/\/heymondo.it\/blog\/wp-content\/uploads\/2022\/09\/Budapest-Ungheria-800x533.jpg 800w, https:\/\/heymondo.it\/blog\/wp-content\/uploads\/2022\/09\/Budapest-Ungheria.jpg 899w\" sizes=\"(max-width: 899px) 100vw, 899px\" \/><figcaption class=\"wp-element-caption\">Budapest, Ungheria<\/figcaption><\/figure>\n<\/div>\n\n\n<h2 class=\"wp-block-heading\"><span class=\"ez-toc-section\" id=\"Dove_viaggiare_a_settembre_montagna\"><\/span>Dove viaggiare a settembre: montagna<span class=\"ez-toc-section-end\"><\/span><\/h2>\n\n\n\n<p><span style=\"font-weight: 400;\">Per gli amanti della montagna, settembre pu\u00f2 rivelarsi un mese ideale. Il clima \u00e8 perfetto e l&#8217;ambiente rilassante come solo la montagna sa essere. Aria pura, attivit\u00e0 fisica e buon cibo sono alcune delle caratteristiche pi\u00f9 apprezzate dagli appassionati di trekking e hiking. Ecco i luoghi di montagna pi\u00f9 belli dove viaggiare a settembre.<\/span><\/p>\n\n\n\n<h3 class=\"wp-block-heading\"><span class=\"ez-toc-section\" id=\"Dolomiti_Trentino_Alto_Adige_Italia\"><\/span>Dolomiti, Trentino Alto Adige, Italia<span class=\"ez-toc-section-end\"><\/span><\/h3>\n\n\n\n<p><span style=\"font-weight: 400;\">Quanto sono affascinanti le Dolomiti? Impossibile quantificare la bellezza di questi luoghi. Il clima \u00e8 quello tipico alpino, con la differenza che a settembre \u00e8 possibile godere ancora di scampoli di bel tempo. Non mancano neppure gli eventi, come il festival <\/span><b>Suoni delle Dolomiti<\/b><span style=\"font-weight: 400;\">: 16 concerti e 1 trekking nella natura, tra musica jazz, classica e pop. Prende il via a fine agosto e termina alla fine di settembre. <\/span><span style=\"font-weight: 400;\">Una maniera eccellente per concludere la stagione estiva! <\/span><\/p>\n\n\n\n<p><span style=\"font-weight: 400;\">Chi ama le Dolomiti sa bene che \u00e8 importante non lasciarsi nulla indietro e godere delle straordinarie bellezze che quest&#8217;angolo d&#8217;Italia sa offrire: le <\/span><b>tre Cime di Lavaredo<\/b><span style=\"font-weight: 400;\">, i <\/span><b>laghi di Braies e Misurina<\/b><span style=\"font-weight: 400;\"> e l&#8217;<\/span><b>Alpe di Siusi<\/b><span style=\"font-weight: 400;\"> sono soltanto alcuni dei posti da ammirare.<\/span><\/p>\n\n\n<div class=\"wp-block-image\">\n<figure class=\"aligncenter is-resized\"><img decoding=\"async\" width=\"899\" height=\"506\" src=\"https:\/\/heymondo.it\/blog\/wp-content\/uploads\/2022\/09\/Dolomiti-Trentino-Alto-Adige.jpg\" alt=\"Dolomiti Trentino Alto Adige\" class=\"wp-image-16436\" style=\"object-fit:cover;width:900px;height:600px\" srcset=\"https:\/\/heymondo.it\/blog\/wp-content\/uploads\/2022\/09\/Dolomiti-Trentino-Alto-Adige-200x113.jpg 200w, https:\/\/heymondo.it\/blog\/wp-content\/uploads\/2022\/09\/Dolomiti-Trentino-Alto-Adige-300x169.jpg 300w, https:\/\/heymondo.it\/blog\/wp-content\/uploads\/2022\/09\/Dolomiti-Trentino-Alto-Adige-400x225.jpg 400w, https:\/\/heymondo.it\/blog\/wp-content\/uploads\/2022\/09\/Dolomiti-Trentino-Alto-Adige-600x338.jpg 600w, https:\/\/heymondo.it\/blog\/wp-content\/uploads\/2022\/09\/Dolomiti-Trentino-Alto-Adige-768x432.jpg 768w, https:\/\/heymondo.it\/blog\/wp-content\/uploads\/2022\/09\/Dolomiti-Trentino-Alto-Adige-800x450.jpg 800w, https:\/\/heymondo.it\/blog\/wp-content\/uploads\/2022\/09\/Dolomiti-Trentino-Alto-Adige.jpg 899w\" sizes=\"(max-width: 899px) 100vw, 899px\" \/><figcaption class=\"wp-element-caption\">Dolomiti, Trentino Alto Adige<\/figcaption><\/figure>\n<\/div>\n\n\n<h3 class=\"wp-block-heading\"><span class=\"ez-toc-section\" id=\"Carinzia_Austria\"><\/span>Carinzia, Austria<span class=\"ez-toc-section-end\"><\/span><\/h3>\n\n\n\n<p>Questa regione austriaca, incastonata tra laghi cristallini e montagne maestose, \u00e8 una delle destinazioni ideali per un viaggio di settembre. Il clima \u00e8 ancora mite, le giornate sono luminose e i sentieri escursionistici meno affollati rispetto all\u2019estate.<\/p>\n\n\n\n<p><strong>Villach, con il suo centro storico e i mercati locali, \u00e8 il cuore pulsante della regione<\/strong>, mentre i laghi come il W\u00f6rthersee e il Millst\u00e4tter See offrono panorami spettacolari e acque perfette per bagni, sport acquatici o semplici momenti di relax. Chi ama la natura pu\u00f2 spingersi verso i parchi naturali dei monti Nockberge o fare trekking tra valli e foreste che iniziano a tingersi di sfumature autunnali.<\/p>\n\n\n\n<p><strong>Settembre in Carinzia significa vivere montagne e laghi in tutta tranquillit\u00e0, tra villaggi pittoreschi, escursioni panoramiche e un\u2019atmosfera autentica<\/strong>, lontano dal turismo di massa.<\/p>\n\n\n<div class=\"wp-block-image\">\n<figure class=\"aligncenter size-full is-resized\"><img decoding=\"async\" width=\"1000\" height=\"650\" src=\"https:\/\/heymondo.it\/blog\/wp-content\/uploads\/2025\/07\/Carinzia-a-settembre.jpg\" alt=\"Visitare la Carinzia a settembre\" class=\"wp-image-42941\" style=\"object-fit:cover;width:900px;height:600px\" srcset=\"https:\/\/heymondo.it\/blog\/wp-content\/uploads\/2025\/07\/Carinzia-a-settembre-200x130.jpg 200w, https:\/\/heymondo.it\/blog\/wp-content\/uploads\/2025\/07\/Carinzia-a-settembre-300x195.jpg 300w, https:\/\/heymondo.it\/blog\/wp-content\/uploads\/2025\/07\/Carinzia-a-settembre-400x260.jpg 400w, https:\/\/heymondo.it\/blog\/wp-content\/uploads\/2025\/07\/Carinzia-a-settembre-600x390.jpg 600w, https:\/\/heymondo.it\/blog\/wp-content\/uploads\/2025\/07\/Carinzia-a-settembre-768x499.jpg 768w, https:\/\/heymondo.it\/blog\/wp-content\/uploads\/2025\/07\/Carinzia-a-settembre-800x520.jpg 800w, https:\/\/heymondo.it\/blog\/wp-content\/uploads\/2025\/07\/Carinzia-a-settembre.jpg 1000w\" sizes=\"(max-width: 1000px) 100vw, 1000px\" \/><figcaption class=\"wp-element-caption\">Lo Svaneti, Georgia<\/figcaption><\/figure>\n<\/div>\n\n\n<h3 class=\"wp-block-heading\"><span class=\"ez-toc-section\" id=\"Cantone_Vallese_Svizzera\"><\/span>Cantone Vallese, Svizzera<span class=\"ez-toc-section-end\"><\/span><\/h3>\n\n\n\n<p><span style=\"font-weight: 400;\">La Svizzera \u00e8 una meta celebre per i suoi paesaggi montuosi. I luoghi da visitare non mancano e il clima a settembre \u00e8 ottimo: fresco, ma non troppo. In particolare, una delle destinazioni migliori \u00e8 il Cantone Vallese, con il <\/span><b>lago artificiale della Grande Dixence<\/b><span style=\"font-weight: 400;\">, la diga pi\u00f9 alta d&#8217;Europa: circondato da alte montagne, pu\u00f2 essere raggiunto tramite una funivia. Tra alberghi, rifugi in quota e gite organizzate, questa zona \u00e8 senza dubbio tra le pi\u00f9 amate dagli appassionati di trekking. Circondato da montagne innevate e cascate che alimentano il lago artificiale, la vista dall&#8217;alto della diga offre emozioni davvero uniche!<\/span><\/p>\n\n\n<div class=\"wp-block-image\">\n<figure class=\"aligncenter is-resized\"><img decoding=\"async\" width=\"899\" height=\"599\" src=\"https:\/\/heymondo.it\/blog\/wp-content\/uploads\/2022\/09\/montagne-Cantone-Vallese-Svizzera.jpg\" alt=\"montagne Cantone Vallese Svizzera\" class=\"wp-image-16438\" style=\"object-fit:cover;width:900px;height:600px\" srcset=\"https:\/\/heymondo.it\/blog\/wp-content\/uploads\/2022\/09\/montagne-Cantone-Vallese-Svizzera-200x133.jpg 200w, https:\/\/heymondo.it\/blog\/wp-content\/uploads\/2022\/09\/montagne-Cantone-Vallese-Svizzera-300x200.jpg 300w, https:\/\/heymondo.it\/blog\/wp-content\/uploads\/2022\/09\/montagne-Cantone-Vallese-Svizzera-400x267.jpg 400w, https:\/\/heymondo.it\/blog\/wp-content\/uploads\/2022\/09\/montagne-Cantone-Vallese-Svizzera-600x400.jpg 600w, https:\/\/heymondo.it\/blog\/wp-content\/uploads\/2022\/09\/montagne-Cantone-Vallese-Svizzera-768x512.jpg 768w, https:\/\/heymondo.it\/blog\/wp-content\/uploads\/2022\/09\/montagne-Cantone-Vallese-Svizzera-800x533.jpg 800w, https:\/\/heymondo.it\/blog\/wp-content\/uploads\/2022\/09\/montagne-Cantone-Vallese-Svizzera.jpg 899w\" sizes=\"(max-width: 899px) 100vw, 899px\" \/><figcaption class=\"wp-element-caption\">Cantone Vallese, Svizzera<\/figcaption><\/figure>\n<\/div>\n\n\n<h2 class=\"wp-block-heading\"><span class=\"ez-toc-section\" id=\"Dove_non_andare_a_settembre\"><\/span>Dove non andare a settembre<span class=\"ez-toc-section-end\"><\/span><\/h2>\n\n\n\n<p><span style=\"font-weight: 400;\">Esistono anche destinazioni sconsigliate nel mese di settembre. E il motivo principale sta nel clima sfavorevole e nel rischio di fenomeni atmosferici potenzialmente pericolosi. <\/span><\/p>\n\n\n\n<p><span style=\"font-weight: 400;\">Ad esempio, i Caraibi e gli Stati dell&#8217;America Centrale, invece, sono presi di mira dagli uragani atlantici, oltre che da frequenti piogge e temporali, mentre negli Emirati Arabi e in Qatar il caldo \u00e8 ancora insopportabile, con le temperature che possono spingersi fino a 50 gradi e oltre. Infine, in<\/span> <a href=\"https:\/\/heymondo.it\/blog\/15-posti-da-vedere-in-thailandia\/\" target=\"_blank\" rel=\"noreferrer noopener\">Thailandia<\/a><span style=\"font-weight: 400;\"> il caldo \u00e8 a tratti asfissiante, nonostante la bellezza delle sue attrazioni. <\/span><\/p>\n\n\n\n<p>Prima di prenotare un viaggio, ti consigliamo di consultare il <a href=\"https:\/\/www.viaggiaresicuri.it\/home\" target=\"_blank\" rel=\"noreferrer noopener\">sito web della Farnesina<\/a> per verificare eventuali restrizioni, documenti richiesti e aggiornamenti sulla sicurezza della tua destinazione.<\/p>\n\n\n\n<h2 class=\"wp-block-heading\"><span class=\"ez-toc-section\" id=\"Viaggiare_a_settembre_in_sicurezza_con_Heymondo\"><\/span>Viaggiare a settembre in sicurezza con Heymondo<span class=\"ez-toc-section-end\"><\/span><\/h2>\n\n\n\n<p>Una volta scelta la destinazione, non dovrai dimenticarti i vantaggi di una copertura assicurativa. <span style=\"font-weight: 400;\">\u00c8 molto importante sottoscrivere un&#8217;<\/span>assicurazione di viaggio<span style=\"font-weight: 400;\"> che garantisca un&#8217;<\/span><b>assistenza a 360 gradi<\/b><span style=\"font-weight: 400;\">. Se hai gi\u00e0 deciso dove viaggiare a settembre, ti suggeriamo di stipulare una polizza di viaggio <\/span><b>Heymondo<\/b><span style=\"font-weight: 400;\">, che include: <\/span><\/p>\n\n\n\n<ul class=\"wp-block-list\">\n<li><span style=\"font-weight: 400;\">Copertura in caso di <strong>spese mediche fino a 10 milioni di euro<\/strong><\/span>;<\/li>\n\n\n\n<li><strong>Assistenza medica 24<\/strong>\/<strong>7<\/strong>;<\/li>\n\n\n\n<li><span style=\"font-weight: 400;\">Un&#8217;<\/span><strong><span style=\"font-weight: 400;\">app <\/span>per chiamate d&#8217;assistenza<\/strong> gratuite e gestione delle incidenze. <\/li>\n<\/ul>\n\n\n\n<p>Un\u2019<strong><a href=\"https:\/\/heymondo.it\/calcola-la-tua-assicurazione-di-viaggio\/\">ass<\/a><a href=\"https:\/\/heymondo.it\/calcola-la-tua-assicurazione-di-viaggio\/\" target=\"_blank\" rel=\"noreferrer noopener\">icurazione di viaggio<\/a><\/strong>&nbsp;\u00e8 essenziale per evitare inconvenienti e vivere un\u2019esperienza serena.&nbsp;Stipula con Heymondo la tua assicurazione e viaggia in piena tranquillit\u00e0!<\/p>\n\n\n\n<p class=\"has-text-align-center\"><a class=\"custom-button\" style=\"color: white; width: 250px;text-decoration: none!important;\" href=\"https:\/\/heymondo.it\/assicurazione-viaggio\/\" target=\"_blank\" rel=\"noopener noreferrer\">Assicurazione di viaggio<\/a><\/p>\n","protected":false},"excerpt":{"rendered":"<p>Settembre \u00e8 il mese in cui si torna a scuola, [&hellip;]<\/p>\n","protected":false},"author":16,"featured_media":41846,"comment_status":"open","ping_status":"closed","sticky":false,"template":"","format":"standard","meta":{"_themeisle_gutenberg_block_has_review":false,"footnotes":""},"categories":[74],"tags":[],"class_list":["post-16425","post","type-post","status-publish","format-standard","has-post-thumbnail","hentry","category-destinazioni-e-itinerari"],"acf":[],"yoast_head":"<!-- This site is optimized with the Yoast SEO plugin v27.4 - https:\/\/yoast.com\/product\/yoast-seo-wordpress\/ -->\n<title>Dove viaggiare a settembre 2026<\/title>\n<meta name=\"description\" content=\"Preferisci posti pi\u00f9 tranquilli e meno affollati? Ti sveliamo i 10 migliori posti dove viaggiare a settembre.\" \/>\n<meta name=\"robots\" content=\"index, follow, max-snippet:-1, max-image-preview:large, max-video-preview:-1\" \/>\n<link rel=\"canonical\" href=\"https:\/\/heymondo.it\/blog\/dove-viaggiare-a-settembre\/\" \/>\n<meta property=\"og:locale\" content=\"it_IT\" \/>\n<meta property=\"og:type\" content=\"article\" \/>\n<meta property=\"og:title\" content=\"Dove viaggiare a settembre 2026\" \/>\n<meta property=\"og:description\" content=\"Preferisci posti pi\u00f9 tranquilli e meno affollati? Ti sveliamo i 10 migliori posti dove viaggiare a settembre.\" \/>\n<meta property=\"og:url\" content=\"https:\/\/heymondo.it\/blog\/dove-viaggiare-a-settembre\/\" \/>\n<meta property=\"og:site_name\" content=\"Heymondo\" \/>\n<meta property=\"article:published_time\" content=\"2025-07-31T11:14:46+00:00\" \/>\n<meta property=\"article:modified_time\" content=\"2025-09-02T06:19:24+00:00\" \/>\n<meta property=\"og:image\" content=\"https:\/\/heymondo.it\/blog\/wp-content\/uploads\/2025\/01\/Cabo-Girao-Cosa-vedere-a-Madeira.jpg\" \/>\n\t<meta property=\"og:image:width\" content=\"900\" \/>\n\t<meta property=\"og:image:height\" content=\"600\" \/>\n\t<meta property=\"og:image:type\" content=\"image\/jpeg\" \/>\n<meta name=\"author\" content=\"Erika Scarcella\" \/>\n<meta name=\"twitter:card\" content=\"summary_large_image\" \/>\n<meta name=\"twitter:creator\" content=\"@heymondo_fr\" \/>\n<meta name=\"twitter:site\" content=\"@heymondo_fr\" \/>\n<meta name=\"twitter:label1\" content=\"Scritto da\" \/>\n\t<meta name=\"twitter:data1\" content=\"Erika Scarcella\" \/>\n\t<meta name=\"twitter:label2\" content=\"Tempo di lettura stimato\" \/>\n\t<meta name=\"twitter:data2\" content=\"15 minuti\" \/>\n<script type=\"application\/ld+json\" class=\"yoast-schema-graph\">{\"@context\":\"https:\\\/\\\/schema.org\",\"@graph\":[{\"@type\":\"Article\",\"@id\":\"https:\\\/\\\/heymondo.it\\\/blog\\\/dove-viaggiare-a-settembre\\\/#article\",\"isPartOf\":{\"@id\":\"https:\\\/\\\/heymondo.it\\\/blog\\\/dove-viaggiare-a-settembre\\\/\"},\"author\":{\"name\":\"Erika Scarcella\",\"@id\":\"https:\\\/\\\/heymondo.es\\\/blog\\\/#\\\/schema\\\/person\\\/cbc2dbd381337848b96627f357dc69a7\"},\"headline\":\"Dove viaggiare a settembre?\",\"datePublished\":\"2025-07-31T11:14:46+00:00\",\"dateModified\":\"2025-09-02T06:19:24+00:00\",\"mainEntityOfPage\":{\"@id\":\"https:\\\/\\\/heymondo.it\\\/blog\\\/dove-viaggiare-a-settembre\\\/\"},\"wordCount\":2257,\"commentCount\":0,\"image\":{\"@id\":\"https:\\\/\\\/heymondo.it\\\/blog\\\/dove-viaggiare-a-settembre\\\/#primaryimage\"},\"thumbnailUrl\":\"https:\\\/\\\/heymondo.it\\\/blog\\\/wp-content\\\/uploads\\\/2025\\\/01\\\/Cabo-Girao-Cosa-vedere-a-Madeira.jpg\",\"articleSection\":[\"Destinazioni e itinerari\"],\"inLanguage\":\"it-IT\",\"potentialAction\":[{\"@type\":\"CommentAction\",\"name\":\"Comment\",\"target\":[\"https:\\\/\\\/heymondo.it\\\/blog\\\/dove-viaggiare-a-settembre\\\/#respond\"]}]},{\"@type\":\"WebPage\",\"@id\":\"https:\\\/\\\/heymondo.it\\\/blog\\\/dove-viaggiare-a-settembre\\\/\",\"url\":\"https:\\\/\\\/heymondo.it\\\/blog\\\/dove-viaggiare-a-settembre\\\/\",\"name\":\"Dove viaggiare a settembre 2026\",\"isPartOf\":{\"@id\":\"https:\\\/\\\/heymondo.es\\\/blog\\\/#website\"},\"primaryImageOfPage\":{\"@id\":\"https:\\\/\\\/heymondo.it\\\/blog\\\/dove-viaggiare-a-settembre\\\/#primaryimage\"},\"image\":{\"@id\":\"https:\\\/\\\/heymondo.it\\\/blog\\\/dove-viaggiare-a-settembre\\\/#primaryimage\"},\"thumbnailUrl\":\"https:\\\/\\\/heymondo.it\\\/blog\\\/wp-content\\\/uploads\\\/2025\\\/01\\\/Cabo-Girao-Cosa-vedere-a-Madeira.jpg\",\"datePublished\":\"2025-07-31T11:14:46+00:00\",\"dateModified\":\"2025-09-02T06:19:24+00:00\",\"author\":{\"@id\":\"https:\\\/\\\/heymondo.es\\\/blog\\\/#\\\/schema\\\/person\\\/cbc2dbd381337848b96627f357dc69a7\"},\"description\":\"Preferisci posti pi\u00f9 tranquilli e meno affollati? Ti sveliamo i 10 migliori posti dove viaggiare a settembre.\",\"breadcrumb\":{\"@id\":\"https:\\\/\\\/heymondo.it\\\/blog\\\/dove-viaggiare-a-settembre\\\/#breadcrumb\"},\"inLanguage\":\"it-IT\",\"potentialAction\":[{\"@type\":\"ReadAction\",\"target\":[\"https:\\\/\\\/heymondo.it\\\/blog\\\/dove-viaggiare-a-settembre\\\/\"]}]},{\"@type\":\"ImageObject\",\"inLanguage\":\"it-IT\",\"@id\":\"https:\\\/\\\/heymondo.it\\\/blog\\\/dove-viaggiare-a-settembre\\\/#primaryimage\",\"url\":\"https:\\\/\\\/heymondo.it\\\/blog\\\/wp-content\\\/uploads\\\/2025\\\/01\\\/Cabo-Girao-Cosa-vedere-a-Madeira.jpg\",\"contentUrl\":\"https:\\\/\\\/heymondo.it\\\/blog\\\/wp-content\\\/uploads\\\/2025\\\/01\\\/Cabo-Girao-Cosa-vedere-a-Madeira.jpg\",\"width\":900,\"height\":600},{\"@type\":\"BreadcrumbList\",\"@id\":\"https:\\\/\\\/heymondo.it\\\/blog\\\/dove-viaggiare-a-settembre\\\/#breadcrumb\",\"itemListElement\":[{\"@type\":\"ListItem\",\"position\":1,\"name\":\"Home\",\"item\":\"https:\\\/\\\/heymondo.it\\\/blog\\\/\"},{\"@type\":\"ListItem\",\"position\":2,\"name\":\"Dove viaggiare a settembre?\"}]},{\"@type\":\"WebSite\",\"@id\":\"https:\\\/\\\/heymondo.es\\\/blog\\\/#website\",\"url\":\"https:\\\/\\\/heymondo.es\\\/blog\\\/\",\"name\":\"Heymondo\",\"description\":\"\",\"potentialAction\":[{\"@type\":\"SearchAction\",\"target\":{\"@type\":\"EntryPoint\",\"urlTemplate\":\"https:\\\/\\\/heymondo.es\\\/blog\\\/?s={search_term_string}\"},\"query-input\":{\"@type\":\"PropertyValueSpecification\",\"valueRequired\":true,\"valueName\":\"search_term_string\"}}],\"inLanguage\":\"it-IT\"},{\"@type\":\"Person\",\"@id\":\"https:\\\/\\\/heymondo.es\\\/blog\\\/#\\\/schema\\\/person\\\/cbc2dbd381337848b96627f357dc69a7\",\"name\":\"Erika Scarcella\",\"description\":\"Erika \u00e8 Affiliate Manager presso Heymondo, dove unisce la sua passione per i viaggi con il marketing digitale. Sin da piccola, ha iniziato a esplorare il mondo con la sua famiglia, sviluppando una curiosit\u00e0 irrequieta che oggi alimenta la sua scrittura. Oltre a viaggiare, ama ballare e provare nuovi cibi, immergendosi nelle culture locali. Erika combina il gusto per l'avventura con la praticit\u00e0 e la sicurezza, trasmettendo nei suoi articoli non solo la bellezza del viaggio, ma anche l'importanza di farlo con consapevolezza. L\u2019obiettivo di Erika \u00e8 di ispirare i viaggiatori a vivere esperienze indimenticabili, guidandoli alla scoperta del mondo con passione e cautela.\",\"url\":\"https:\\\/\\\/heymondo.it\\\/blog\\\/author\\\/erika-scarcella\\\/\"}]}<\/script>\n<!-- \/ Yoast SEO plugin. -->","yoast_head_json":{"title":"Dove viaggiare a settembre 2026","description":"Preferisci posti pi\u00f9 tranquilli e meno affollati? Ti sveliamo i 10 migliori posti dove viaggiare a settembre.","robots":{"index":"index","follow":"follow","max-snippet":"max-snippet:-1","max-image-preview":"max-image-preview:large","max-video-preview":"max-video-preview:-1"},"canonical":"https:\/\/heymondo.it\/blog\/dove-viaggiare-a-settembre\/","og_locale":"it_IT","og_type":"article","og_title":"Dove viaggiare a settembre 2026","og_description":"Preferisci posti pi\u00f9 tranquilli e meno affollati? Ti sveliamo i 10 migliori posti dove viaggiare a settembre.","og_url":"https:\/\/heymondo.it\/blog\/dove-viaggiare-a-settembre\/","og_site_name":"Heymondo","article_published_time":"2025-07-31T11:14:46+00:00","article_modified_time":"2025-09-02T06:19:24+00:00","og_image":[{"width":900,"height":600,"url":"https:\/\/heymondo.it\/blog\/wp-content\/uploads\/2025\/01\/Cabo-Girao-Cosa-vedere-a-Madeira.jpg","type":"image\/jpeg"}],"author":"Erika Scarcella","twitter_card":"summary_large_image","twitter_creator":"@heymondo_fr","twitter_site":"@heymondo_fr","twitter_misc":{"Scritto da":"Erika Scarcella","Tempo di lettura stimato":"15 minuti"},"schema":{"@context":"https:\/\/schema.org","@graph":[{"@type":"Article","@id":"https:\/\/heymondo.it\/blog\/dove-viaggiare-a-settembre\/#article","isPartOf":{"@id":"https:\/\/heymondo.it\/blog\/dove-viaggiare-a-settembre\/"},"author":{"name":"Erika Scarcella","@id":"https:\/\/heymondo.es\/blog\/#\/schema\/person\/cbc2dbd381337848b96627f357dc69a7"},"headline":"Dove viaggiare a settembre?","datePublished":"2025-07-31T11:14:46+00:00","dateModified":"2025-09-02T06:19:24+00:00","mainEntityOfPage":{"@id":"https:\/\/heymondo.it\/blog\/dove-viaggiare-a-settembre\/"},"wordCount":2257,"commentCount":0,"image":{"@id":"https:\/\/heymondo.it\/blog\/dove-viaggiare-a-settembre\/#primaryimage"},"thumbnailUrl":"https:\/\/heymondo.it\/blog\/wp-content\/uploads\/2025\/01\/Cabo-Girao-Cosa-vedere-a-Madeira.jpg","articleSection":["Destinazioni e itinerari"],"inLanguage":"it-IT","potentialAction":[{"@type":"CommentAction","name":"Comment","target":["https:\/\/heymondo.it\/blog\/dove-viaggiare-a-settembre\/#respond"]}]},{"@type":"WebPage","@id":"https:\/\/heymondo.it\/blog\/dove-viaggiare-a-settembre\/","url":"https:\/\/heymondo.it\/blog\/dove-viaggiare-a-settembre\/","name":"Dove viaggiare a settembre 2026","isPartOf":{"@id":"https:\/\/heymondo.es\/blog\/#website"},"primaryImageOfPage":{"@id":"https:\/\/heymondo.it\/blog\/dove-viaggiare-a-settembre\/#primaryimage"},"image":{"@id":"https:\/\/heymondo.it\/blog\/dove-viaggiare-a-settembre\/#primaryimage"},"thumbnailUrl":"https:\/\/heymondo.it\/blog\/wp-content\/uploads\/2025\/01\/Cabo-Girao-Cosa-vedere-a-Madeira.jpg","datePublished":"2025-07-31T11:14:46+00:00","dateModified":"2025-09-02T06:19:24+00:00","author":{"@id":"https:\/\/heymondo.es\/blog\/#\/schema\/person\/cbc2dbd381337848b96627f357dc69a7"},"description":"Preferisci posti pi\u00f9 tranquilli e meno affollati? Ti sveliamo i 10 migliori posti dove viaggiare a settembre.","breadcrumb":{"@id":"https:\/\/heymondo.it\/blog\/dove-viaggiare-a-settembre\/#breadcrumb"},"inLanguage":"it-IT","potentialAction":[{"@type":"ReadAction","target":["https:\/\/heymondo.it\/blog\/dove-viaggiare-a-settembre\/"]}]},{"@type":"ImageObject","inLanguage":"it-IT","@id":"https:\/\/heymondo.it\/blog\/dove-viaggiare-a-settembre\/#primaryimage","url":"https:\/\/heymondo.it\/blog\/wp-content\/uploads\/2025\/01\/Cabo-Girao-Cosa-vedere-a-Madeira.jpg","contentUrl":"https:\/\/heymondo.it\/blog\/wp-content\/uploads\/2025\/01\/Cabo-Girao-Cosa-vedere-a-Madeira.jpg","width":900,"height":600},{"@type":"BreadcrumbList","@id":"https:\/\/heymondo.it\/blog\/dove-viaggiare-a-settembre\/#breadcrumb","itemListElement":[{"@type":"ListItem","position":1,"name":"Home","item":"https:\/\/heymondo.it\/blog\/"},{"@type":"ListItem","position":2,"name":"Dove viaggiare a settembre?"}]},{"@type":"WebSite","@id":"https:\/\/heymondo.es\/blog\/#website","url":"https:\/\/heymondo.es\/blog\/","name":"Heymondo","description":"","potentialAction":[{"@type":"SearchAction","target":{"@type":"EntryPoint","urlTemplate":"https:\/\/heymondo.es\/blog\/?s={search_term_string}"},"query-input":{"@type":"PropertyValueSpecification","valueRequired":true,"valueName":"search_term_string"}}],"inLanguage":"it-IT"},{"@type":"Person","@id":"https:\/\/heymondo.es\/blog\/#\/schema\/person\/cbc2dbd381337848b96627f357dc69a7","name":"Erika Scarcella","description":"Erika \u00e8 Affiliate Manager presso Heymondo, dove unisce la sua passione per i viaggi con il marketing digitale. Sin da piccola, ha iniziato a esplorare il mondo con la sua famiglia, sviluppando una curiosit\u00e0 irrequieta che oggi alimenta la sua scrittura. Oltre a viaggiare, ama ballare e provare nuovi cibi, immergendosi nelle culture locali. Erika combina il gusto per l'avventura con la praticit\u00e0 e la sicurezza, trasmettendo nei suoi articoli non solo la bellezza del viaggio, ma anche l'importanza di farlo con consapevolezza. L\u2019obiettivo di Erika \u00e8 di ispirare i viaggiatori a vivere esperienze indimenticabili, guidandoli alla scoperta del mondo con passione e cautela.","url":"https:\/\/heymondo.it\/blog\/author\/erika-scarcella\/"}]}},"featured_image_url":"https:\/\/heymondo.it\/blog\/wp-content\/uploads\/2025\/01\/Cabo-Girao-Cosa-vedere-a-Madeira.jpg","_links":{"self":[{"href":"https:\/\/heymondo.it\/blog\/wp-json\/wp\/v2\/posts\/16425","targetHints":{"allow":["GET"]}}],"collection":[{"href":"https:\/\/heymondo.it\/blog\/wp-json\/wp\/v2\/posts"}],"about":[{"href":"https:\/\/heymondo.it\/blog\/wp-json\/wp\/v2\/types\/post"}],"author":[{"embeddable":true,"href":"https:\/\/heymondo.it\/blog\/wp-json\/wp\/v2\/users\/16"}],"replies":[{"embeddable":true,"href":"https:\/\/heymondo.it\/blog\/wp-json\/wp\/v2\/comments?post=16425"}],"version-history":[{"count":13,"href":"https:\/\/heymondo.it\/blog\/wp-json\/wp\/v2\/posts\/16425\/revisions"}],"predecessor-version":[{"id":42947,"href":"https:\/\/heymondo.it\/blog\/wp-json\/wp\/v2\/posts\/16425\/revisions\/42947"}],"wp:featuredmedia":[{"embeddable":true,"href":"https:\/\/heymondo.it\/blog\/wp-json\/wp\/v2\/media\/41846"}],"wp:attachment":[{"href":"https:\/\/heymondo.it\/blog\/wp-json\/wp\/v2\/media?parent=16425"}],"wp:term":[{"taxonomy":"category","embeddable":true,"href":"https:\/\/heymondo.it\/blog\/wp-json\/wp\/v2\/categories?post=16425"},{"taxonomy":"post_tag","embeddable":true,"href":"https:\/\/heymondo.it\/blog\/wp-json\/wp\/v2\/tags?post=16425"}],"curies":[{"name":"wp","href":"https:\/\/api.w.org\/{rel}","templated":true}]}}